{"id":5175,"date":"2026-03-04T14:00:21","date_gmt":"2026-03-04T13:00:21","guid":{"rendered":"https:\/\/andrekohout.cz\/pisu-si\/?p=5175"},"modified":"2026-03-04T14:04:24","modified_gmt":"2026-03-04T13:04:24","slug":"16-kilo-dole-a-firma-v-paralyze-jakub-kalvoda-o-nejvetsich-lekcich-v-podnikani","status":"publish","type":"post","link":"https:\/\/andrekohout.cz\/pisu-si\/2026\/03\/04\/16-kilo-dole-a-firma-v-paralyze-jakub-kalvoda-o-nejvetsich-lekcich-v-podnikani\/","title":{"rendered":"16 kilo dole a firma v paral\u00fdze. Jakub Kalvoda o nejv\u011bt\u0161\u00edch lekc\u00edch v podnik\u00e1n\u00ed"},"content":{"rendered":"\n<p>Cesta k \u00fasp\u011b\u0161n\u00e9mu byznysu m\u00e1lokdy vede p\u0159\u00edmou \u010darou a p\u0159\u00edb\u011bh <a href=\"https:\/\/www.linkedin.com\/in\/jakub-kalvoda-b79b072b4\/\">Jakuba Kalvody<\/a>, spolumajitele zna\u010dky MK L\u016f\u017ekoviny, je toho zaj\u00edmav\u00fdm p\u0159\u00edkladem. V <a href=\"https:\/\/www.instagram.com\/reelstalk_byandre\/\">Reels Talk byAndr\u00e9<\/a> jsem p\u0159iv\u00edtal \u010dlov\u011bka, kter\u00fd o sob\u011b s nads\u00e1zkou \u0159\u00edk\u00e1, \u017ee je kluk z vesnice, co si pln\u00ed sny. Od zdravotnick\u00e9 \u0161koly a sv\u00e1\u0159en\u00ed vlak\u016f se vypracoval do \u010dela firmy s obratem p\u0159es 300 milion\u016f korun, p\u0159esto\u017ee se dlouh\u00e1 l\u00e9ta \u00fasp\u011b\u0161n\u011b vyh\u00fdbal v\u011bt\u0161\u00ed pozornosti a soust\u0159edil se v\u00fdhradn\u011b na produkt a lidi uvnit\u0159 t\u00fdmu.<\/p>\n\n\n\n<figure class=\"wp-block-embed is-type-video is-provider-youtube wp-block-embed-youtube wp-embed-aspect-16-9 wp-has-aspect-ratio\"><div class=\"wp-block-embed__wrapper\">\n<iframe loading=\"lazy\" title=\"Reels Talk byAndr\u00e9 vlog #3: Behind the scenes. Jak to vypad\u00e1 ve firm\u011b s 300milionov\u00fdm obratem?\" width=\"960\" height=\"540\" src=\"https:\/\/www.youtube.com\/embed\/cB36fA1duMI?feature=oembed\" frameborder=\"0\" allow=\"accelerometer; autoplay; clipboard-write; encrypted-media; gyroscope; picture-in-picture; web-share\" referrerpolicy=\"strict-origin-when-cross-origin\" allowfullscreen><\/iframe>\n<\/div><\/figure>\n\n\n\n<h2 class=\"wp-block-heading\">Pro\u010d se roky skr\u00fdval v \u00fast\u0159ed\u00ed firmy<\/h2>\n\n\n\n<p>Jakub se dlouho dr\u017eel v \u00fastran\u00ed, proto\u017ee m\u011bl pocit, \u017ee dokud nen\u00ed firma v ide\u00e1ln\u00ed kondici a nem\u00e1 vybudovan\u00e9 pevn\u00e9 z\u00e1klady v\u010detn\u011b nov\u00fdch prostor, nen\u00ed co ukazovat. <em>\u201eByl jsem tvrd\u00fd na sebe a podle m\u011b nebylo ani co ukazovat. V\u0161echno bylo tenkr\u00e1t v plenk\u00e1ch,\u201c<\/em> p\u0159izn\u00e1v\u00e1.<\/p>\n\n\n\n<p>Dnes u\u017e ale v\u00ed, \u017ee osobn\u00ed brand zakladatele je pro zna\u010dku kl\u00ed\u010dov\u00fdm faktorem, kter\u00fd buduje d\u016fv\u011bru u z\u00e1kazn\u00edk\u016f i m\u00e9di\u00ed.&nbsp;<\/p>\n\n\n\n<p>P\u0159esto\u017ee se s\u00e1m pova\u017euje za introvertn\u00edho extroverta a mluven\u00ed o sob\u011b mu nen\u00ed v\u017edy p\u0159\u00edjemn\u00e9, vn\u00edm\u00e1 svou novou roli jako mluv\u010d\u00edho firmy, kter\u00fd d\u00fdch\u00e1 pro zna\u010dku a chce osobn\u011b sd\u00edlet miln\u00edky, jako je otev\u00edr\u00e1n\u00ed nov\u00e9 \u0161ic\u00ed d\u00edlny.<\/p>\n\n\n\n<h2 class=\"wp-block-heading\">DNA firmy MK L\u016f\u017ekoviny<\/h2>\n\n\n\n<p>Pracovn\u00ed den Jakuba Kalvody za\u010d\u00edn\u00e1 velmi brzy. <em>\u201eVst\u00e1v\u00e1m v 5:20, odvezu \u017eenu do pr\u00e1ce a pak se vrh\u00e1m na svou pr\u00e1ci,\u201c<\/em> popisuje. Prvn\u00ed v\u011bc, kterou pak v kancel\u00e1\u0159i ud\u011bl\u00e1, je \u010dten\u00ed recenz\u00ed od z\u00e1kazn\u00edk\u016f. Negativn\u00ed zp\u011btnou vazbu vn\u00edm\u00e1 jako osobn\u00ed selh\u00e1n\u00ed a okam\u017eit\u00fd impulz k \u0159e\u0161en\u00ed probl\u00e9m\u016f v kvalit\u011b nebo logistice.&nbsp;<\/p>\n\n\n\n<p>Tento p\u0159\u00edstup se mu poda\u0159ilo p\u0159en\u00e9st i na sv\u016fj t\u00fdm, kter\u00fd popisuje jako skupinu skute\u010dn\u00fdch srdca\u0159\u016f. Pr\u00e1v\u011b d\u016fv\u011bra v lidi a schopnost delegovat \u00fakoly na mana\u017eery mu umo\u017e\u0148uj\u00ed soust\u0159edit se na strategick\u00fd rozvoj, i kdy\u017e p\u0159izn\u00e1v\u00e1, \u017ee jeho \u201eADHD osobnost\u201c ho \u010dasto nut\u00ed p\u0159eskakovat mezi mnoha projekty najednou.<\/p>\n\n\n\n<h2 class=\"wp-block-heading\">Od Penny Marketu po p\u00e1d skladu aka kdy\u017e se neda\u0159\u00ed<\/h2>\n\n\n\n<p>V byznysu se Jakub nevyhnul ani velk\u00fdm kriz\u00edm. Otev\u0159en\u011b popsal zku\u0161enost, kdy se jejich vadn\u00e9 zbo\u017e\u00ed, kter\u00e9 m\u011blo b\u00fdt zlikvidov\u00e1no v zahrani\u010d\u00ed, neleg\u00e1ln\u011b dostalo zp\u011bt na \u010desk\u00fd trh a objevilo se v reg\u00e1lech Penny Marketu. M\u00edsto dlouh\u00fdch soudn\u00edch spor\u016f vsadil na rychlou komunikaci a ochranu zna\u010dky, co\u017e nakonec vy\u00fastilo ve sta\u017een\u00ed zbo\u017e\u00ed a ve\u0159ejnou omluvu.&nbsp;<\/p>\n\n\n\n<p>Je\u0161t\u011b tvrd\u0161\u00ed lekc\u00ed byl v\u0161ak p\u0159echod na nov\u00fd skladov\u00fd syst\u00e9m, kter\u00fd firmu v kl\u00ed\u010dov\u00e9 sez\u00f3n\u011b na t\u0159i t\u00fddny paralyzoval. <em>\u201eNepohl\u00eddal jsem softwarovou firmu a syst\u00e9m n\u00e1m klekl na t\u0159i t\u00fddny,\u201c<\/em> vzpom\u00edn\u00e1 Jakub.<\/p>\n\n\n\n<p>Jakub tehdy b\u011bhem stresov\u00e9ho obdob\u00ed zhubl 16 kilo, ale i tuto zku\u0161enost bere jako nezbytnou challenge, kter\u00e1 ho nau\u010dila v\u00e9st projekty jinak.<\/p>\n\n\n\n<h2 class=\"wp-block-heading\">V\u010dera bylo pozd\u011b<\/h2>\n\n\n\n<p>Inspiraci Jakub nehled\u00e1 v modern\u00edch p\u0159\u00edru\u010dk\u00e1ch, ale u klasika Tom\u00e1\u0161e Bati. Sd\u00edl\u00ed s n\u00edm toti\u017e kr\u00e9do, \u017ee v byznysu neexistuje \u201ez\u00edtra\u201c. P\u0159esto\u017ee se st\u00e1le pova\u017euje za mlad\u00e9ho podnikatele, kter\u00fd se u\u010d\u00ed za pochodu, jeho cesta od sv\u00e1\u0159e\u010dsk\u00e9ho pr\u016fkazu k budov\u00e1n\u00ed e-commerce imp\u00e9ria ukazuje, \u017ee nejd\u016fle\u017eit\u011bj\u0161\u00ed je pozitivn\u00ed nastaven\u00ed mysli a schopnost prom\u011bnit ka\u017edou chybu v ponau\u010den\u00ed.&nbsp;<\/p>\n\n\n\n<p>A pokud jde o relax? Jakub s \u00fasm\u011bvem p\u0159izn\u00e1v\u00e1, \u017ee na parketu mu nejv\u00edc pom\u016f\u017ee \u201etekut\u00e9 karate\u201c, tedy vodka, d\u00edky kter\u00e9 na chv\u00edli zapomene na roli CEO&#8230; A kdy\u017e p\u0159ijde kocovina? P\u0159izn\u00e1v\u00e1, \u017ee i s n\u00ed dok\u00e1\u017ee b\u00fdt produktivn\u00ed. <em>\u201ePracuji je\u0161t\u011b l\u00e9pe, proto\u017ee se styd\u00edm a zav\u0159u se do kancel\u00e1\u0159e,\u201c<\/em> sm\u011bje se.<br>Zaj\u00edm\u00e1 t\u011b, jak Jakub zvl\u00e1dl krizov\u00e9 momenty v podnik\u00e1n\u00ed nebo pro\u010d se nakonec rozhodl budovat osobn\u00ed brand? Pus\u0165 si <a href=\"https:\/\/www.youtube.com\/watch?v=bJZP-Edxk-M&amp;t=3s\">cel\u00fd rozhovor na YouTube<\/a>.<\/p>\n\n\n\n<figure class=\"wp-block-embed is-type-video is-provider-youtube wp-block-embed-youtube wp-embed-aspect-16-9 wp-has-aspect-ratio\"><div class=\"wp-block-embed__wrapper\">\n<iframe loading=\"lazy\" title=\"Reels Talk byAndr\u00e9 #5 | Jak pracuje CEO MK L\u016f\u017ekovin s kocovinou? A za co se Jakub Kalvoda styd\u00ed?\" width=\"960\" height=\"540\" src=\"https:\/\/www.youtube.com\/embed\/bJZP-Edxk-M?feature=oembed\" frameborder=\"0\" allow=\"accelerometer; autoplay; clipboard-write; encrypted-media; gyroscope; picture-in-picture; web-share\" referrerpolicy=\"strict-origin-when-cross-origin\" allowfullscreen><\/iframe>\n<\/div><\/figure>\n","protected":false},"excerpt":{"rendered":"<p>Cesta k \u00fasp\u011b\u0161n\u00e9mu byznysu m\u00e1lokdy vede p\u0159\u00edmou \u010darou a p\u0159\u00edb\u011bh Jakuba Kalvody, spolumajitele zna\u010dky MK L\u016f\u017ekoviny, je toho zaj\u00edmav\u00fdm p\u0159\u00edkladem. V Reels Talk byAndr\u00e9 jsem p\u0159iv\u00edtal \u010dlov\u011bka, kter\u00fd o sob\u011b s nads\u00e1zkou \u0159\u00edk\u00e1, \u017ee je kluk z vesnice, co si pln\u00ed sny. Od zdravotnick\u00e9 \u0161koly a sv\u00e1\u0159en\u00ed vlak\u016f se vypracoval do \u010dela firmy s obratem [&hellip;]<\/p>\n","protected":false},"author":3,"featured_media":5176,"comment_status":"closed","ping_status":"closed","sticky":false,"template":"","format":"standard","meta":{"inline_featured_image":false},"categories":[120],"tags":[30,46,8,587,201,122,101],"acf":[],"yoast_head":"<!-- This site is optimized with the Yoast SEO plugin v20.5 - https:\/\/yoast.com\/wordpress\/plugins\/seo\/ -->\n<title>16 kilo dole a firma v paral\u00fdze. Jakub Kalvoda o nejv\u011bt\u0161\u00edch lekc\u00edch v podnik\u00e1n\u00ed | Andr\u00e9 Kohout si p\u00ed\u0161e<\/title>\n<meta name=\"description\" content=\"Jakub Kalvoda z MK L\u016f\u017ekoviny o cest\u011b k obratu 300 milion\u016f. Pro\u010d se b\u00e1l budovat osobn\u00ed brand, jak \u0159e\u0161il krizi s Penny Marketem a pro\u010d \u010dte ka\u017edou recenzi.\" \/>\n<meta name=\"robots\" content=\"index, follow, max-snippet:-1, max-image-preview:large, max-video-preview:-1\" \/>\n<link rel=\"canonical\" href=\"https:\/\/andrekohout.cz\/pisu-si\/2026\/03\/04\/16-kilo-dole-a-firma-v-paralyze-jakub-kalvoda-o-nejvetsich-lekcich-v-podnikani\/\" \/>\n<meta property=\"og:locale\" content=\"cs_CZ\" \/>\n<meta property=\"og:type\" content=\"article\" \/>\n<meta property=\"og:title\" content=\"16 kilo dole a firma v paral\u00fdze. Jakub Kalvoda o nejv\u011bt\u0161\u00edch lekc\u00edch v podnik\u00e1n\u00ed | Andr\u00e9 Kohout si p\u00ed\u0161e\" \/>\n<meta property=\"og:description\" content=\"Jakub Kalvoda z MK L\u016f\u017ekoviny o cest\u011b k obratu 300 milion\u016f. Pro\u010d se b\u00e1l budovat osobn\u00ed brand, jak \u0159e\u0161il krizi s Penny Marketem a pro\u010d \u010dte ka\u017edou recenzi.\" \/>\n<meta property=\"og:url\" content=\"https:\/\/andrekohout.cz\/pisu-si\/2026\/03\/04\/16-kilo-dole-a-firma-v-paralyze-jakub-kalvoda-o-nejvetsich-lekcich-v-podnikani\/\" \/>\n<meta property=\"og:site_name\" content=\"Andr\u00e9 Kohout si p\u00ed\u0161e\" \/>\n<meta property=\"article:published_time\" content=\"2026-03-04T13:00:21+00:00\" \/>\n<meta property=\"article:modified_time\" content=\"2026-03-04T13:04:24+00:00\" \/>\n<meta property=\"og:image\" content=\"https:\/\/andrekohout.cz\/pisu-si\/wp-content\/uploads\/2026\/03\/Reels-Talk-podcast-Kalvoda.jpg\" \/>\n\t<meta property=\"og:image:width\" content=\"1877\" \/>\n\t<meta property=\"og:image:height\" content=\"1055\" \/>\n\t<meta property=\"og:image:type\" content=\"image\/jpeg\" \/>\n<meta name=\"author\" content=\"Andr\u00e9\" \/>\n<meta name=\"twitter:card\" content=\"summary_large_image\" \/>\n<meta name=\"twitter:label1\" content=\"Napsal(a)\" \/>\n\t<meta name=\"twitter:data1\" content=\"Andr\u00e9\" \/>\n\t<meta name=\"twitter:label2\" content=\"Odhadovan\u00e1 doba \u010dten\u00ed\" \/>\n\t<meta name=\"twitter:data2\" content=\"3 minuty\" \/>\n<script type=\"application\/ld+json\" class=\"yoast-schema-graph\">{\"@context\":\"https:\/\/schema.org\",\"@graph\":[{\"@type\":\"Article\",\"@id\":\"https:\/\/andrekohout.cz\/pisu-si\/2026\/03\/04\/16-kilo-dole-a-firma-v-paralyze-jakub-kalvoda-o-nejvetsich-lekcich-v-podnikani\/#article\",\"isPartOf\":{\"@id\":\"https:\/\/andrekohout.cz\/pisu-si\/2026\/03\/04\/16-kilo-dole-a-firma-v-paralyze-jakub-kalvoda-o-nejvetsich-lekcich-v-podnikani\/\"},\"author\":{\"name\":\"Andr\u00e9\",\"@id\":\"https:\/\/andrekohout.cz\/pisu-si\/#\/schema\/person\/ddbe06cd77abe86d3f88b1d8375e8dfe\"},\"headline\":\"16 kilo dole a firma v paral\u00fdze. Jakub Kalvoda o nejv\u011bt\u0161\u00edch lekc\u00edch v podnik\u00e1n\u00ed\",\"datePublished\":\"2026-03-04T13:00:21+00:00\",\"dateModified\":\"2026-03-04T13:04:24+00:00\",\"mainEntityOfPage\":{\"@id\":\"https:\/\/andrekohout.cz\/pisu-si\/2026\/03\/04\/16-kilo-dole-a-firma-v-paralyze-jakub-kalvoda-o-nejvetsich-lekcich-v-podnikani\/\"},\"wordCount\":765,\"publisher\":{\"@id\":\"https:\/\/andrekohout.cz\/pisu-si\/#\/schema\/person\/ddbe06cd77abe86d3f88b1d8375e8dfe\"},\"keywords\":[\"brand\",\"ecommerce\",\"marketing\",\"reels talk\",\"reels talk byAndr\u00e9\",\"rozhovor\",\"storytelling\"],\"articleSection\":[\"Reels Talk byAndr\u00e9\"],\"inLanguage\":\"cs\"},{\"@type\":\"WebPage\",\"@id\":\"https:\/\/andrekohout.cz\/pisu-si\/2026\/03\/04\/16-kilo-dole-a-firma-v-paralyze-jakub-kalvoda-o-nejvetsich-lekcich-v-podnikani\/\",\"url\":\"https:\/\/andrekohout.cz\/pisu-si\/2026\/03\/04\/16-kilo-dole-a-firma-v-paralyze-jakub-kalvoda-o-nejvetsich-lekcich-v-podnikani\/\",\"name\":\"16 kilo dole a firma v paral\u00fdze. Jakub Kalvoda o nejv\u011bt\u0161\u00edch lekc\u00edch v podnik\u00e1n\u00ed | Andr\u00e9 Kohout si p\u00ed\u0161e\",\"isPartOf\":{\"@id\":\"https:\/\/andrekohout.cz\/pisu-si\/#website\"},\"datePublished\":\"2026-03-04T13:00:21+00:00\",\"dateModified\":\"2026-03-04T13:04:24+00:00\",\"description\":\"Jakub Kalvoda z MK L\u016f\u017ekoviny o cest\u011b k obratu 300 milion\u016f. Pro\u010d se b\u00e1l budovat osobn\u00ed brand, jak \u0159e\u0161il krizi s Penny Marketem a pro\u010d \u010dte ka\u017edou recenzi.\",\"breadcrumb\":{\"@id\":\"https:\/\/andrekohout.cz\/pisu-si\/2026\/03\/04\/16-kilo-dole-a-firma-v-paralyze-jakub-kalvoda-o-nejvetsich-lekcich-v-podnikani\/#breadcrumb\"},\"inLanguage\":\"cs\",\"potentialAction\":[{\"@type\":\"ReadAction\",\"target\":[\"https:\/\/andrekohout.cz\/pisu-si\/2026\/03\/04\/16-kilo-dole-a-firma-v-paralyze-jakub-kalvoda-o-nejvetsich-lekcich-v-podnikani\/\"]}]},{\"@type\":\"BreadcrumbList\",\"@id\":\"https:\/\/andrekohout.cz\/pisu-si\/2026\/03\/04\/16-kilo-dole-a-firma-v-paralyze-jakub-kalvoda-o-nejvetsich-lekcich-v-podnikani\/#breadcrumb\",\"itemListElement\":[{\"@type\":\"ListItem\",\"position\":1,\"name\":\"Home\",\"item\":\"https:\/\/andrekohout.cz\/pisu-si\/\"},{\"@type\":\"ListItem\",\"position\":2,\"name\":\"16 kilo dole a firma v paral\u00fdze. Jakub Kalvoda o nejv\u011bt\u0161\u00edch lekc\u00edch v podnik\u00e1n\u00ed\"}]},{\"@type\":\"WebSite\",\"@id\":\"https:\/\/andrekohout.cz\/pisu-si\/#website\",\"url\":\"https:\/\/andrekohout.cz\/pisu-si\/\",\"name\":\"Andr\u00e9 Kohout\",\"description\":\"po\u010dtete si? \",\"publisher\":{\"@id\":\"https:\/\/andrekohout.cz\/pisu-si\/#\/schema\/person\/ddbe06cd77abe86d3f88b1d8375e8dfe\"},\"potentialAction\":[{\"@type\":\"SearchAction\",\"target\":{\"@type\":\"EntryPoint\",\"urlTemplate\":\"https:\/\/andrekohout.cz\/pisu-si\/?s={search_term_string}\"},\"query-input\":\"required name=search_term_string\"}],\"inLanguage\":\"cs\"},{\"@type\":[\"Person\",\"Organization\"],\"@id\":\"https:\/\/andrekohout.cz\/pisu-si\/#\/schema\/person\/ddbe06cd77abe86d3f88b1d8375e8dfe\",\"name\":\"Andr\u00e9\",\"image\":{\"@type\":\"ImageObject\",\"inLanguage\":\"cs\",\"@id\":\"https:\/\/andrekohout.cz\/pisu-si\/#\/schema\/person\/image\/\",\"url\":\"https:\/\/andrekohout.cz\/pisu-si\/wp-content\/uploads\/2023\/01\/B4FE29FA-E557-475B-A79D-CDFA1F25F74D-34772-000015656C9FC33B.png\",\"contentUrl\":\"https:\/\/andrekohout.cz\/pisu-si\/wp-content\/uploads\/2023\/01\/B4FE29FA-E557-475B-A79D-CDFA1F25F74D-34772-000015656C9FC33B.png\",\"width\":592,\"height\":888,\"caption\":\"Andr\u00e9\"},\"logo\":{\"@id\":\"https:\/\/andrekohout.cz\/pisu-si\/#\/schema\/person\/image\/\"},\"url\":\"https:\/\/andrekohout.cz\/pisu-si\/author\/andre\/\"}]}<\/script>\n<!-- \/ Yoast SEO plugin. -->","yoast_head_json":{"title":"16 kilo dole a firma v paral\u00fdze. Jakub Kalvoda o nejv\u011bt\u0161\u00edch lekc\u00edch v podnik\u00e1n\u00ed | Andr\u00e9 Kohout si p\u00ed\u0161e","description":"Jakub Kalvoda z MK L\u016f\u017ekoviny o cest\u011b k obratu 300 milion\u016f. Pro\u010d se b\u00e1l budovat osobn\u00ed brand, jak \u0159e\u0161il krizi s Penny Marketem a pro\u010d \u010dte ka\u017edou recenzi.","robots":{"index":"index","follow":"follow","max-snippet":"max-snippet:-1","max-image-preview":"max-image-preview:large","max-video-preview":"max-video-preview:-1"},"canonical":"https:\/\/andrekohout.cz\/pisu-si\/2026\/03\/04\/16-kilo-dole-a-firma-v-paralyze-jakub-kalvoda-o-nejvetsich-lekcich-v-podnikani\/","og_locale":"cs_CZ","og_type":"article","og_title":"16 kilo dole a firma v paral\u00fdze. Jakub Kalvoda o nejv\u011bt\u0161\u00edch lekc\u00edch v podnik\u00e1n\u00ed | Andr\u00e9 Kohout si p\u00ed\u0161e","og_description":"Jakub Kalvoda z MK L\u016f\u017ekoviny o cest\u011b k obratu 300 milion\u016f. Pro\u010d se b\u00e1l budovat osobn\u00ed brand, jak \u0159e\u0161il krizi s Penny Marketem a pro\u010d \u010dte ka\u017edou recenzi.","og_url":"https:\/\/andrekohout.cz\/pisu-si\/2026\/03\/04\/16-kilo-dole-a-firma-v-paralyze-jakub-kalvoda-o-nejvetsich-lekcich-v-podnikani\/","og_site_name":"Andr\u00e9 Kohout si p\u00ed\u0161e","article_published_time":"2026-03-04T13:00:21+00:00","article_modified_time":"2026-03-04T13:04:24+00:00","og_image":[{"width":1877,"height":1055,"url":"https:\/\/andrekohout.cz\/pisu-si\/wp-content\/uploads\/2026\/03\/Reels-Talk-podcast-Kalvoda.jpg","type":"image\/jpeg"}],"author":"Andr\u00e9","twitter_card":"summary_large_image","twitter_misc":{"Napsal(a)":"Andr\u00e9","Odhadovan\u00e1 doba \u010dten\u00ed":"3 minuty"},"schema":{"@context":"https:\/\/schema.org","@graph":[{"@type":"Article","@id":"https:\/\/andrekohout.cz\/pisu-si\/2026\/03\/04\/16-kilo-dole-a-firma-v-paralyze-jakub-kalvoda-o-nejvetsich-lekcich-v-podnikani\/#article","isPartOf":{"@id":"https:\/\/andrekohout.cz\/pisu-si\/2026\/03\/04\/16-kilo-dole-a-firma-v-paralyze-jakub-kalvoda-o-nejvetsich-lekcich-v-podnikani\/"},"author":{"name":"Andr\u00e9","@id":"https:\/\/andrekohout.cz\/pisu-si\/#\/schema\/person\/ddbe06cd77abe86d3f88b1d8375e8dfe"},"headline":"16 kilo dole a firma v paral\u00fdze. Jakub Kalvoda o nejv\u011bt\u0161\u00edch lekc\u00edch v podnik\u00e1n\u00ed","datePublished":"2026-03-04T13:00:21+00:00","dateModified":"2026-03-04T13:04:24+00:00","mainEntityOfPage":{"@id":"https:\/\/andrekohout.cz\/pisu-si\/2026\/03\/04\/16-kilo-dole-a-firma-v-paralyze-jakub-kalvoda-o-nejvetsich-lekcich-v-podnikani\/"},"wordCount":765,"publisher":{"@id":"https:\/\/andrekohout.cz\/pisu-si\/#\/schema\/person\/ddbe06cd77abe86d3f88b1d8375e8dfe"},"keywords":["brand","ecommerce","marketing","reels talk","reels talk byAndr\u00e9","rozhovor","storytelling"],"articleSection":["Reels Talk byAndr\u00e9"],"inLanguage":"cs"},{"@type":"WebPage","@id":"https:\/\/andrekohout.cz\/pisu-si\/2026\/03\/04\/16-kilo-dole-a-firma-v-paralyze-jakub-kalvoda-o-nejvetsich-lekcich-v-podnikani\/","url":"https:\/\/andrekohout.cz\/pisu-si\/2026\/03\/04\/16-kilo-dole-a-firma-v-paralyze-jakub-kalvoda-o-nejvetsich-lekcich-v-podnikani\/","name":"16 kilo dole a firma v paral\u00fdze. Jakub Kalvoda o nejv\u011bt\u0161\u00edch lekc\u00edch v podnik\u00e1n\u00ed | Andr\u00e9 Kohout si p\u00ed\u0161e","isPartOf":{"@id":"https:\/\/andrekohout.cz\/pisu-si\/#website"},"datePublished":"2026-03-04T13:00:21+00:00","dateModified":"2026-03-04T13:04:24+00:00","description":"Jakub Kalvoda z MK L\u016f\u017ekoviny o cest\u011b k obratu 300 milion\u016f. Pro\u010d se b\u00e1l budovat osobn\u00ed brand, jak \u0159e\u0161il krizi s Penny Marketem a pro\u010d \u010dte ka\u017edou recenzi.","breadcrumb":{"@id":"https:\/\/andrekohout.cz\/pisu-si\/2026\/03\/04\/16-kilo-dole-a-firma-v-paralyze-jakub-kalvoda-o-nejvetsich-lekcich-v-podnikani\/#breadcrumb"},"inLanguage":"cs","potentialAction":[{"@type":"ReadAction","target":["https:\/\/andrekohout.cz\/pisu-si\/2026\/03\/04\/16-kilo-dole-a-firma-v-paralyze-jakub-kalvoda-o-nejvetsich-lekcich-v-podnikani\/"]}]},{"@type":"BreadcrumbList","@id":"https:\/\/andrekohout.cz\/pisu-si\/2026\/03\/04\/16-kilo-dole-a-firma-v-paralyze-jakub-kalvoda-o-nejvetsich-lekcich-v-podnikani\/#breadcrumb","itemListElement":[{"@type":"ListItem","position":1,"name":"Home","item":"https:\/\/andrekohout.cz\/pisu-si\/"},{"@type":"ListItem","position":2,"name":"16 kilo dole a firma v paral\u00fdze. Jakub Kalvoda o nejv\u011bt\u0161\u00edch lekc\u00edch v podnik\u00e1n\u00ed"}]},{"@type":"WebSite","@id":"https:\/\/andrekohout.cz\/pisu-si\/#website","url":"https:\/\/andrekohout.cz\/pisu-si\/","name":"Andr\u00e9 Kohout","description":"po\u010dtete si? ","publisher":{"@id":"https:\/\/andrekohout.cz\/pisu-si\/#\/schema\/person\/ddbe06cd77abe86d3f88b1d8375e8dfe"},"potentialAction":[{"@type":"SearchAction","target":{"@type":"EntryPoint","urlTemplate":"https:\/\/andrekohout.cz\/pisu-si\/?s={search_term_string}"},"query-input":"required name=search_term_string"}],"inLanguage":"cs"},{"@type":["Person","Organization"],"@id":"https:\/\/andrekohout.cz\/pisu-si\/#\/schema\/person\/ddbe06cd77abe86d3f88b1d8375e8dfe","name":"Andr\u00e9","image":{"@type":"ImageObject","inLanguage":"cs","@id":"https:\/\/andrekohout.cz\/pisu-si\/#\/schema\/person\/image\/","url":"https:\/\/andrekohout.cz\/pisu-si\/wp-content\/uploads\/2023\/01\/B4FE29FA-E557-475B-A79D-CDFA1F25F74D-34772-000015656C9FC33B.png","contentUrl":"https:\/\/andrekohout.cz\/pisu-si\/wp-content\/uploads\/2023\/01\/B4FE29FA-E557-475B-A79D-CDFA1F25F74D-34772-000015656C9FC33B.png","width":592,"height":888,"caption":"Andr\u00e9"},"logo":{"@id":"https:\/\/andrekohout.cz\/pisu-si\/#\/schema\/person\/image\/"},"url":"https:\/\/andrekohout.cz\/pisu-si\/author\/andre\/"}]}},"_links":{"self":[{"href":"https:\/\/andrekohout.cz\/pisu-si\/wp-json\/wp\/v2\/posts\/5175"}],"collection":[{"href":"https:\/\/andrekohout.cz\/pisu-si\/wp-json\/wp\/v2\/posts"}],"about":[{"href":"https:\/\/andrekohout.cz\/pisu-si\/wp-json\/wp\/v2\/types\/post"}],"author":[{"embeddable":true,"href":"https:\/\/andrekohout.cz\/pisu-si\/wp-json\/wp\/v2\/users\/3"}],"replies":[{"embeddable":true,"href":"https:\/\/andrekohout.cz\/pisu-si\/wp-json\/wp\/v2\/comments?post=5175"}],"version-history":[{"count":1,"href":"https:\/\/andrekohout.cz\/pisu-si\/wp-json\/wp\/v2\/posts\/5175\/revisions"}],"predecessor-version":[{"id":5177,"href":"https:\/\/andrekohout.cz\/pisu-si\/wp-json\/wp\/v2\/posts\/5175\/revisions\/5177"}],"wp:featuredmedia":[{"embeddable":true,"href":"https:\/\/andrekohout.cz\/pisu-si\/wp-json\/wp\/v2\/media\/5176"}],"wp:attachment":[{"href":"https:\/\/andrekohout.cz\/pisu-si\/wp-json\/wp\/v2\/media?parent=5175"}],"wp:term":[{"taxonomy":"category","embeddable":true,"href":"https:\/\/andrekohout.cz\/pisu-si\/wp-json\/wp\/v2\/categories?post=5175"},{"taxonomy":"post_tag","embeddable":true,"href":"https:\/\/andrekohout.cz\/pisu-si\/wp-json\/wp\/v2\/tags?post=5175"}],"curies":[{"name":"wp","href":"https:\/\/api.w.org\/{rel}","templated":true}]}}