{"id":4835,"date":"2023-07-19T09:00:00","date_gmt":"2023-07-19T07:00:00","guid":{"rendered":"https:\/\/andrekohout.cz\/pisu-si\/2023\/07\/19\/tour-de-e-commerce-vol4-2-the-second-batch-of-events-from-april-to-june-2023\/"},"modified":"2026-01-29T11:44:26","modified_gmt":"2026-01-29T10:44:26","slug":"tour-de-e-commerce-vol4-2-the-second-batch-of-events-from-april-to-june-2023","status":"publish","type":"post","link":"https:\/\/andrekohout.cz\/pisu-si\/en\/2023\/07\/19\/tour-de-e-commerce-vol4-2-the-second-batch-of-events-from-april-to-june-2023\/","title":{"rendered":"Tour de e-commerce vol4.2: The second batch of events from April to June 2023"},"content":{"rendered":"<p>The conference season is over, so it&#8217;s time for a regularly irregular report and a small evaluation of what I have visited so far this year in terms of e-commerce events. There was a lot of it, so I decided to split this report into two articles &#8211; and now the second part has arrived. In the second quarter, I didn&#8217;t slow down the pace, on the contrary, I put even more into it, so that I could now enjoy the well-deserved finish. But let&#8217;s start from the beginning.<\/p><p>Are you interested in what events will be held? You can find all e-commerce events in one place, on my website <a href=\"https:\/\/ecommerceakce.cz\/\" target=\"_blank\" rel=\"noreferrer noopener\">E-COMMERCE AKCE<\/a>. There you can learn more about each of them and at the same time filter them according to what you are looking for. You can also set up a premium access to all events well in advance.<\/p><h2 class=\"wp-block-heading\">8 events per week in April was not an April Fool&#8217;s joke<\/h2><p>On April 5th, I started with a work beer for the <a href=\"https:\/\/za5dvanact.cz\" target=\"_blank\" rel=\"noreferrer noopener\">za5dvan\u00e1ct<\/a> project, which I&#8217;ve been running for a while together with Daf. After almost a two-week break from conferences, the long-awaited ShopRoku took place, which is the annual awards ceremony by Heureka &#8211; Tome, Mat\u011bj, Ver\u010da, thank you for the invitation! It was a great event full of successful people and e-commerce projects. We networked all evening until the early hours of the morning, this time at Gabriel Loci. Congratulations to all the winners and see you again next year!&nbsp;<\/p><figure class=\"wp-block-image size-large\"><img decoding=\"async\" width=\"1024\" height=\"683\" src=\"https:\/\/andrekohout.cz\/pisu-si\/wp-content\/uploads\/2023\/07\/Shop-Roku-2023-2-1024x683.jpg\" alt=\"\" class=\"wp-image-2476\" srcset=\"https:\/\/andrekohout.cz\/pisu-si\/wp-content\/uploads\/2023\/07\/Shop-Roku-2023-2-1024x683.jpg 1024w, https:\/\/andrekohout.cz\/pisu-si\/wp-content\/uploads\/2023\/07\/Shop-Roku-2023-2-300x200.jpg 300w, https:\/\/andrekohout.cz\/pisu-si\/wp-content\/uploads\/2023\/07\/Shop-Roku-2023-2-768x512.jpg 768w, https:\/\/andrekohout.cz\/pisu-si\/wp-content\/uploads\/2023\/07\/Shop-Roku-2023-2-1536x1024.jpg 1536w, https:\/\/andrekohout.cz\/pisu-si\/wp-content\/uploads\/2023\/07\/Shop-Roku-2023-2.jpg 1800w\" sizes=\"(max-width: 1024px) 100vw, 1024px\" \/><\/figure><p>On April 17th, CzechCrunch organized another E-commerce event on the topic of How to Improve Your Customer Journey. As always, we were partners of the event with Ecomail. You could listen to insights from Luk\u00e1\u0161 Havl\u00e1sek (Notino), Tom\u00e1\u0161 Ha\u0161kovec (Spokojen\u00fdpes.cz) or Petr Svoboda (Shopsys, Convertim). On April 19th, I returned to Endorfin for another eCommerce BEERS, organized by Daktela. I still stand by the fact that it&#8217;s not a nice space for events.&nbsp;<\/p><h3 class=\"wp-block-heading\">Expansion to Slovakia continues<\/h3><p>On April 20th, we went to Slovakia, this time to <a href=\"https:\/\/shopmasters.cz\" target=\"_blank\" rel=\"noreferrer noopener\">Shopmasters<\/a>, which we organized together with the classic <a href=\"https:\/\/www.zasilkovna.cz\" target=\"_blank\" rel=\"noreferrer noopener\">Z\u00e1silkovna<\/a> and <a href=\"https:\/\/www.shoptet.cz\" target=\"_blank\" rel=\"noreferrer noopener\">Shoptet<\/a>, as well as <a href=\"https:\/\/www.expandeco.com\/en\" target=\"_blank\" rel=\"noreferrer noopener\">Expandeco<\/a> and <a href=\"https:\/\/heureka.group\/cz-cs\/\" target=\"_blank\" rel=\"noreferrer noopener\">Heureka<\/a>. This time, I was quite involved in the content, so the main presentation was given by Dalibor Cicman from GymBEAM and I arranged for Jakub Kantor, Jon\u00e1\u0161 \u010cumrik and Radovan Gre\u017ea to lead the masterminds. The last two mentioned again had the longest mastermind, slightly over 3 hours. And I have to say that our &#8218;expansion&#8216; to Slovakia is going well.&nbsp;<\/p><figure class=\"wp-block-image size-large\"><img decoding=\"async\" width=\"1024\" height=\"768\" src=\"https:\/\/andrekohout.cz\/pisu-si\/wp-content\/uploads\/2023\/07\/Shopmasters-Bratislava-2023-4-1024x768.jpeg\" alt=\"\" class=\"wp-image-2477\" srcset=\"https:\/\/andrekohout.cz\/pisu-si\/wp-content\/uploads\/2023\/07\/Shopmasters-Bratislava-2023-4-1024x768.jpeg 1024w, https:\/\/andrekohout.cz\/pisu-si\/wp-content\/uploads\/2023\/07\/Shopmasters-Bratislava-2023-4-300x225.jpeg 300w, https:\/\/andrekohout.cz\/pisu-si\/wp-content\/uploads\/2023\/07\/Shopmasters-Bratislava-2023-4-768x576.jpeg 768w, https:\/\/andrekohout.cz\/pisu-si\/wp-content\/uploads\/2023\/07\/Shopmasters-Bratislava-2023-4-1536x1152.jpeg 1536w, https:\/\/andrekohout.cz\/pisu-si\/wp-content\/uploads\/2023\/07\/Shopmasters-Bratislava-2023-4.jpeg 1920w\" sizes=\"(max-width: 1024px) 100vw, 1024px\" \/><\/figure><p>On Tuesday, April 25th, <a href=\"https:\/\/www.testuj.to\" target=\"_blank\" rel=\"noreferrer noopener\">Testuj.to<\/a> organized BrandUP, where Tom\u00e1\u0161 Braverman, of course Eva \u010cejkov\u00e1, but also Petra Dolej\u0161ov\u00e1 spoke. A great afternoon event with interesting content.&nbsp;<\/p><p>On Wednesday, I went to Minutov\u00fd Networking, which this time took place in Kings, in a beautiful apartment with a great terrace and a view of the castle. I met familiar faces from the e-commerce scene again and another approximately 100 people who came to have fun and network! This week, for the third time, I visited the E-shop Klub by Jirka Ro\u0161teck\u00fd after a while. He invited interesting guests, including Peter Hajdu\u010dek, who revealed more details about the problems with <a href=\"https:\/\/www.footshop.cz\/cs\/\" target=\"_blank\" rel=\"noreferrer noopener\">Footshop<\/a> and how they solved them, or for example how much they bought Queens for.&nbsp;<\/p><p><strong>This week saw perhaps the most events, a total of 8. And as far as I know, all of them had a very decent attendance!&nbsp;<\/strong><\/p><h2 class=\"wp-block-heading\">May was traditionally the time for events<\/h2><p>At the beginning of May, I took a break from events and went just for two work beers. But events were held by Holky z Marketingu or Pavel Ungr SEOLoger na\u017eivo, which is a weekend, as the name suggests, about SEO with SEO people.&nbsp;<\/p><p>We also selected wines from <a href=\"https:\/\/www.vinozidlochovice.com\/uvod\">Vina\u0159stv\u00ed Svobodovi<\/a> at the <a href=\"http:\/\/www.meetdeal.cz\/\">Meet &amp; Deal<\/a> event, which I organize in October! So you have something to look forward to!&nbsp;<\/p><p>On May 9th, I attended a speedmentoring session within the <a href=\"https:\/\/www.startupacademy.cz\" target=\"_blank\" rel=\"noreferrer noopener\">CzechCrunch Startup Academy<\/a> for my new startup <a href=\"http:\/\/imbase.cz\" target=\"_blank\" rel=\"noreferrer noopener\">IMBase<\/a>, which is the largest CZ &amp; SK database of influencers. I have to say that although I had a mentor who was available and helped me throughout the whole run, this was the most beneficial part of the entire run and I would gladly do it again!&nbsp;<\/p><p>Two days later, we organized a Meetup for agencies and partners at <a href=\"https:\/\/ecomail.cz\" target=\"_blank\" rel=\"noreferrer noopener\">Ecomail<\/a>, to introduce them to the latest news, discuss what might be troubling them with the product, or how we can further customize it to their needs, and of course strengthen relationships&#8230;&nbsp;<\/p><p>On May 15th, I had another sales mastermind and I hadn&#8217;t rested for a long time, because on May 17th, <a href=\"https:\/\/www.reshoper.cz\" target=\"_blank\" rel=\"noreferrer noopener\">Reshoper<\/a> took place, which <a href=\"https:\/\/www.shoptet.cz\" target=\"_blank\" rel=\"noreferrer noopener\">Shoptet<\/a> has been owning and organizing for the second year. Ecomail had a two-story stand at the expo and an approximately ten-person team from support, marketing to management, including sales of course. Since we had the expo capacity covered, I went upstairs to the conference, where several acquaintances presented &#8211; Ondra Kleg with Martin Bern\u00e1tek about Ove\u010dk\u00e1rna, Peter Hajdu\u010dek about Footshop, but also Milan Pol\u00e1k or Petra Nul\u00ed\u010dkov\u00e1. At the conference, there was no one who hadn&#8217;t seen the <a href=\"http:\/\/andrekohout.cz\/ecommercekalendar\/\" target=\"_blank\" rel=\"noreferrer noopener\">E-commerce Calendar<\/a> at least once, because I really made sure it was everywhere&#8230; \ud83d\ude1c&nbsp;<\/p><p>This was followed by almost 2 weeks of a break, which I ended at the Ecomail Stars Party, which we organize annually together with <a href=\"https:\/\/www.promogen.cz\/cz\/\" target=\"_blank\" rel=\"noreferrer noopener\">promoGEN<\/a>, for clients and e-commerce friends. About 80 people gathered in our offices, there was a panel discussion on business, great drinks, catering and a photo booth &#8211; well, you can judge the photos yourself&#8230; Our marketing team raises the bar for this event every year. What will be next? I can&#8217;t wait!&nbsp;<\/p><figure class=\"wp-block-image size-full\"><img decoding=\"async\" width=\"640\" height=\"426\" src=\"https:\/\/andrekohout.cz\/pisu-si\/wp-content\/uploads\/2023\/07\/FO3_7320-ve-stredni-velikosti.jpg\" alt=\"\" class=\"wp-image-2474\" srcset=\"https:\/\/andrekohout.cz\/pisu-si\/wp-content\/uploads\/2023\/07\/FO3_7320-ve-stredni-velikosti.jpg 640w, https:\/\/andrekohout.cz\/pisu-si\/wp-content\/uploads\/2023\/07\/FO3_7320-ve-stredni-velikosti-300x200.jpg 300w\" sizes=\"(max-width: 640px) 100vw, 640px\" \/><\/figure><p>Then I flew to Tunisia for a week to rest and clear my head, which didn&#8217;t really work out, but that&#8217;s life&#8230; I thought for a moment that <a href=\"http:\/\/mitdyl.cz\/\">m\u00edt d\u00fdl<\/a> wouldn&#8217;t happen&#8230; But it will! It&#8217;s true that I didn&#8217;t choose the ideal time for a vacation, because on Wednesday the first announcement of the E-commerce Personality of the Year took place, which was decided by the <a href=\"https:\/\/exec.shopsys.cz\" target=\"_blank\" rel=\"noreferrer noopener\">Exec magazine<\/a> together with an expert jury! I would normally not have missed this event, but it happened, so at least I send my congratulations online to the winners Tom\u00e1\u0161 Braverman, V\u00e1clav Stan\u011bk and Zbyn\u011bk Koci\u00e1n.&nbsp;<\/p><h2 class=\"wp-block-heading\">The June finish<\/h2><p>After another 14 days without an event, I went to the Konferen\u010dn\u00ed Centrum City, which also doesn&#8217;t seem to me like an ideal place for conferences, but so be it&#8230; The Send Summit took place here, which is actually a competitor to the E-mail Restart, or not? \ud83d\ude1c A content-intensive event with a few interesting people for networking ended with networking in the program, as is often the case &#8211; that&#8217;s why <a href=\"http:\/\/www.meetdeal.cz\/\">M\u00edt&amp;Deal<\/a> will be!&nbsp;<\/p><p>That day there was also another <a href=\"http:\/\/ecommercebeers.com\" target=\"_blank\" rel=\"noreferrer noopener\">eCommerce BEERS<\/a>, this time outside of Prague in Ostrava. It&#8217;s one of those where I&#8217;m sorry I couldn&#8217;t be there, because it was said to be a great event put together by <a href=\"https:\/\/www.shopsys.cz\" target=\"_blank\" rel=\"noreferrer noopener\">Shopsys<\/a> with Alena, Marek and Patrik!&nbsp;<\/p><p>On Monday, June 19th, I went to one of the last events before the summer: a <a href=\"https:\/\/cc.cz\" target=\"_blank\" rel=\"noreferrer noopener\">CzechCrunch<\/a> special &#8222;Through the Eyes of the Successful&#8220;, where Erika Eli\u00e1\u0161ov\u00e1, Tom\u00e1\u0161 Havryluk, but also Petr Bena shared their experiences, which Peter Brej\u010d\u00e1k drew out of them. Unfortunately, I missed the NEkonference and the AI Restart. \ud83d\ude1e But I did attend the Red Face event, where unfortunately the audience realized how well the Clash of Stars was organized&#8230; Well, hopefully it won&#8217;t be like that again.&nbsp;<\/p><p>And finally we come to June 27th, which was the day I had been waiting for 4 months &#8211; the Completion of the #4 run of the StartUp Academy from CzechCrunch, which I wanted to win. Although I didn&#8217;t manage to do that, it still convinced me enough that <a href=\"http:\/\/imbase.cz\" target=\"_blank\" rel=\"noreferrer noopener\">IMBase<\/a> will be a great startup that will shake up the influencer marketing scene in the CZ and SK e-commerce scene! Want to know more? Write to me!&nbsp;<\/p><figure class=\"wp-block-image size-full\"><img decoding=\"async\" width=\"640\" height=\"427\" src=\"https:\/\/andrekohout.cz\/pisu-si\/wp-content\/uploads\/2023\/07\/Kopie-souboru-DSC00277-ve-stredni-velikosti.jpg\" alt=\"\" class=\"wp-image-2475\" srcset=\"https:\/\/andrekohout.cz\/pisu-si\/wp-content\/uploads\/2023\/07\/Kopie-souboru-DSC00277-ve-stredni-velikosti.jpg 640w, https:\/\/andrekohout.cz\/pisu-si\/wp-content\/uploads\/2023\/07\/Kopie-souboru-DSC00277-ve-stredni-velikosti-300x200.jpg 300w\" sizes=\"(max-width: 640px) 100vw, 640px\" \/><\/figure><p>At the beginning of July, I also visited KVIFF and I really don&#8217;t understand what you all have with it?!<\/p><h2 class=\"wp-block-heading\">Am I really at every event?&nbsp;<\/h2><p>And that&#8217;s all for now! Now you won&#8217;t see me networking for 2 months, but in early September we&#8217;ll definitely see each other at Shopcamp and on October 5, 2023 we&#8217;ll meet at the Opera at <a href=\"http:\/\/meetdeal.cz\" target=\"_blank\" rel=\"noreferrer noopener\">Meet&amp;Deal<\/a>. Tickets are still available, but hurry up, there aren&#8217;t many.&nbsp;<\/p><p>Personally, I attended 31 events over about 160 days and a total of (at least according to my <a href=\"http:\/\/andrekohout.cz\/ecommercekalendar\/\" target=\"_blank\" rel=\"noreferrer noopener\">E-commerce Calendar<\/a>) nearly 100 events took place. So please stop telling me that I&#8217;m at every one! Thank you. \ud83d\ude05<\/p>\n\n\n<figure class=\"wp-block-image size-large\"><img decoding=\"async\" width=\"1024\" height=\"683\" src=\"https:\/\/andrekohout.cz\/pisu-si\/wp-content\/uploads\/2023\/07\/Shop-Roku-2023-2-1024x683.jpg\" alt=\"\" class=\"wp-image-2476\" srcset=\"https:\/\/andrekohout.cz\/pisu-si\/wp-content\/uploads\/2023\/07\/Shop-Roku-2023-2-1024x683.jpg 1024w, https:\/\/andrekohout.cz\/pisu-si\/wp-content\/uploads\/2023\/07\/Shop-Roku-2023-2-300x200.jpg 300w, https:\/\/andrekohout.cz\/pisu-si\/wp-content\/uploads\/2023\/07\/Shop-Roku-2023-2-768x512.jpg 768w, https:\/\/andrekohout.cz\/pisu-si\/wp-content\/uploads\/2023\/07\/Shop-Roku-2023-2-1536x1024.jpg 1536w, https:\/\/andrekohout.cz\/pisu-si\/wp-content\/uploads\/2023\/07\/Shop-Roku-2023-2.jpg 1800w\" sizes=\"(max-width: 1024px) 100vw, 1024px\" \/><\/figure>\n\n\n\n<figure class=\"wp-block-image size-large\"><img decoding=\"async\" width=\"1024\" height=\"768\" src=\"https:\/\/andrekohout.cz\/pisu-si\/wp-content\/uploads\/2023\/07\/Shopmasters-Bratislava-2023-4-1024x768.jpeg\" alt=\"\" class=\"wp-image-2477\" srcset=\"https:\/\/andrekohout.cz\/pisu-si\/wp-content\/uploads\/2023\/07\/Shopmasters-Bratislava-2023-4-1024x768.jpeg 1024w, https:\/\/andrekohout.cz\/pisu-si\/wp-content\/uploads\/2023\/07\/Shopmasters-Bratislava-2023-4-300x225.jpeg 300w, https:\/\/andrekohout.cz\/pisu-si\/wp-content\/uploads\/2023\/07\/Shopmasters-Bratislava-2023-4-768x576.jpeg 768w, https:\/\/andrekohout.cz\/pisu-si\/wp-content\/uploads\/2023\/07\/Shopmasters-Bratislava-2023-4-1536x1152.jpeg 1536w, https:\/\/andrekohout.cz\/pisu-si\/wp-content\/uploads\/2023\/07\/Shopmasters-Bratislava-2023-4.jpeg 1920w\" sizes=\"(max-width: 1024px) 100vw, 1024px\" \/><\/figure>\n\n\n\n<figure class=\"wp-block-image size-full\"><img decoding=\"async\" width=\"640\" height=\"426\" src=\"https:\/\/andrekohout.cz\/pisu-si\/wp-content\/uploads\/2023\/07\/FO3_7320-ve-stredni-velikosti.jpg\" alt=\"\" class=\"wp-image-2474\" srcset=\"https:\/\/andrekohout.cz\/pisu-si\/wp-content\/uploads\/2023\/07\/FO3_7320-ve-stredni-velikosti.jpg 640w, https:\/\/andrekohout.cz\/pisu-si\/wp-content\/uploads\/2023\/07\/FO3_7320-ve-stredni-velikosti-300x200.jpg 300w\" sizes=\"(max-width: 640px) 100vw, 640px\" \/><\/figure>\n\n\n\n<figure class=\"wp-block-image size-full\"><img decoding=\"async\" width=\"640\" height=\"427\" src=\"https:\/\/andrekohout.cz\/pisu-si\/wp-content\/uploads\/2023\/07\/Kopie-souboru-DSC00277-ve-stredni-velikosti.jpg\" alt=\"\" class=\"wp-image-2475\" srcset=\"https:\/\/andrekohout.cz\/pisu-si\/wp-content\/uploads\/2023\/07\/Kopie-souboru-DSC00277-ve-stredni-velikosti.jpg 640w, https:\/\/andrekohout.cz\/pisu-si\/wp-content\/uploads\/2023\/07\/Kopie-souboru-DSC00277-ve-stredni-velikosti-300x200.jpg 300w\" sizes=\"(max-width: 640px) 100vw, 640px\" \/><\/figure>\n","protected":false},"excerpt":{"rendered":"<p>The article provides a detailed overview of the various e-commerce events the author has attended from April to June 2023, including conferences, networking events, and startup-related activities. The author discusses the expansion of events to Slovakia, the busy event schedule in April and May, and the winding down of events towards the end of June. The article also includes reflections on the author&#8217;s involvement in the e-commerce community and the overall event landscape.<\/p>\n","protected":false},"author":1,"featured_media":2518,"comment_status":"closed","ping_status":"","sticky":false,"template":"","format":"standard","meta":{"inline_featured_image":false},"categories":[446,413],"tags":[],"acf":[],"yoast_head":"<!-- This site is optimized with the Yoast SEO plugin v20.5 - https:\/\/yoast.com\/wordpress\/plugins\/seo\/ -->\n<title>Tour de e-commerce vol4.2: The second batch of events from April to June 2023 | Andr\u00e9 Kohout si p\u00ed\u0161e<\/title>\n<meta name=\"robots\" content=\"index, follow, max-snippet:-1, max-image-preview:large, max-video-preview:-1\" \/>\n<link rel=\"canonical\" href=\"https:\/\/andrekohout.cz\/pisu-si\/en\/2023\/07\/19\/tour-de-e-commerce-vol4-2-the-second-batch-of-events-from-april-to-june-2023\/\" \/>\n<meta property=\"og:locale\" content=\"cs_CZ\" \/>\n<meta property=\"og:type\" content=\"article\" \/>\n<meta property=\"og:title\" content=\"Tour de e-commerce vol4.2: The second batch of events from April to June 2023 | Andr\u00e9 Kohout si p\u00ed\u0161e\" \/>\n<meta property=\"og:description\" content=\"The article provides a detailed overview of the various e-commerce events the author has attended from April to June 2023, including conferences, networking events, and startup-related activities. The author discusses the expansion of events to Slovakia, the busy event schedule in April and May, and the winding down of events towards the end of June. The article also includes reflections on the author&#039;s involvement in the e-commerce community and the overall event landscape.\" \/>\n<meta property=\"og:url\" content=\"https:\/\/andrekohout.cz\/pisu-si\/en\/2023\/07\/19\/tour-de-e-commerce-vol4-2-the-second-batch-of-events-from-april-to-june-2023\/\" \/>\n<meta property=\"og:site_name\" content=\"Andr\u00e9 Kohout si p\u00ed\u0161e\" \/>\n<meta property=\"article:published_time\" content=\"2023-07-19T07:00:00+00:00\" \/>\n<meta property=\"article:modified_time\" content=\"2026-01-29T10:44:26+00:00\" \/>\n<meta property=\"og:image\" content=\"https:\/\/andrekohout.cz\/pisu-si\/wp-content\/uploads\/2023\/09\/Tour-de-E-commerce-4.2.jpg\" \/>\n\t<meta property=\"og:image:width\" content=\"1877\" \/>\n\t<meta property=\"og:image:height\" content=\"1251\" \/>\n\t<meta property=\"og:image:type\" content=\"image\/jpeg\" \/>\n<meta name=\"author\" content=\"admin\" \/>\n<meta name=\"twitter:card\" content=\"summary_large_image\" \/>\n<meta name=\"twitter:label1\" content=\"Napsal(a)\" \/>\n\t<meta name=\"twitter:data1\" content=\"admin\" \/>\n\t<meta name=\"twitter:label2\" content=\"Odhadovan\u00e1 doba \u010dten\u00ed\" \/>\n\t<meta name=\"twitter:data2\" content=\"7 minut\" \/>\n<script type=\"application\/ld+json\" class=\"yoast-schema-graph\">{\"@context\":\"https:\/\/schema.org\",\"@graph\":[{\"@type\":\"Article\",\"@id\":\"https:\/\/andrekohout.cz\/pisu-si\/en\/2023\/07\/19\/tour-de-e-commerce-vol4-2-the-second-batch-of-events-from-april-to-june-2023\/#article\",\"isPartOf\":{\"@id\":\"https:\/\/andrekohout.cz\/pisu-si\/en\/2023\/07\/19\/tour-de-e-commerce-vol4-2-the-second-batch-of-events-from-april-to-june-2023\/\"},\"author\":{\"name\":\"admin\",\"@id\":\"https:\/\/andrekohout.cz\/pisu-si\/#\/schema\/person\/abb25bc2b661e26a5810e107f44b9c9d\"},\"headline\":\"Tour de e-commerce vol4.2: The second batch of events from April to June 2023\",\"datePublished\":\"2023-07-19T07:00:00+00:00\",\"dateModified\":\"2026-01-29T10:44:26+00:00\",\"mainEntityOfPage\":{\"@id\":\"https:\/\/andrekohout.cz\/pisu-si\/en\/2023\/07\/19\/tour-de-e-commerce-vol4-2-the-second-batch-of-events-from-april-to-june-2023\/\"},\"wordCount\":1516,\"publisher\":{\"@id\":\"https:\/\/andrekohout.cz\/pisu-si\/#\/schema\/person\/ddbe06cd77abe86d3f88b1d8375e8dfe\"},\"articleSection\":[\"Marketing\",\"Networking\"],\"inLanguage\":\"cs\"},{\"@type\":\"WebPage\",\"@id\":\"https:\/\/andrekohout.cz\/pisu-si\/en\/2023\/07\/19\/tour-de-e-commerce-vol4-2-the-second-batch-of-events-from-april-to-june-2023\/\",\"url\":\"https:\/\/andrekohout.cz\/pisu-si\/en\/2023\/07\/19\/tour-de-e-commerce-vol4-2-the-second-batch-of-events-from-april-to-june-2023\/\",\"name\":\"Tour de e-commerce vol4.2: The second batch of events from April to June 2023 | Andr\u00e9 Kohout si p\u00ed\u0161e\",\"isPartOf\":{\"@id\":\"https:\/\/andrekohout.cz\/pisu-si\/#website\"},\"datePublished\":\"2023-07-19T07:00:00+00:00\",\"dateModified\":\"2026-01-29T10:44:26+00:00\",\"breadcrumb\":{\"@id\":\"https:\/\/andrekohout.cz\/pisu-si\/en\/2023\/07\/19\/tour-de-e-commerce-vol4-2-the-second-batch-of-events-from-april-to-june-2023\/#breadcrumb\"},\"inLanguage\":\"cs\",\"potentialAction\":[{\"@type\":\"ReadAction\",\"target\":[\"https:\/\/andrekohout.cz\/pisu-si\/en\/2023\/07\/19\/tour-de-e-commerce-vol4-2-the-second-batch-of-events-from-april-to-june-2023\/\"]}]},{\"@type\":\"BreadcrumbList\",\"@id\":\"https:\/\/andrekohout.cz\/pisu-si\/en\/2023\/07\/19\/tour-de-e-commerce-vol4-2-the-second-batch-of-events-from-april-to-june-2023\/#breadcrumb\",\"itemListElement\":[{\"@type\":\"ListItem\",\"position\":1,\"name\":\"Home\",\"item\":\"https:\/\/andrekohout.cz\/pisu-si\/\"},{\"@type\":\"ListItem\",\"position\":2,\"name\":\"Tour de e-commerce vol4.2: The second batch of events from April to June 2023\"}]},{\"@type\":\"WebSite\",\"@id\":\"https:\/\/andrekohout.cz\/pisu-si\/#website\",\"url\":\"https:\/\/andrekohout.cz\/pisu-si\/\",\"name\":\"Andr\u00e9 Kohout\",\"description\":\"po\u010dtete si? \",\"publisher\":{\"@id\":\"https:\/\/andrekohout.cz\/pisu-si\/#\/schema\/person\/ddbe06cd77abe86d3f88b1d8375e8dfe\"},\"potentialAction\":[{\"@type\":\"SearchAction\",\"target\":{\"@type\":\"EntryPoint\",\"urlTemplate\":\"https:\/\/andrekohout.cz\/pisu-si\/?s={search_term_string}\"},\"query-input\":\"required name=search_term_string\"}],\"inLanguage\":\"cs\"},{\"@type\":[\"Person\",\"Organization\"],\"@id\":\"https:\/\/andrekohout.cz\/pisu-si\/#\/schema\/person\/ddbe06cd77abe86d3f88b1d8375e8dfe\",\"name\":\"Andr\u00e9\",\"image\":{\"@type\":\"ImageObject\",\"inLanguage\":\"cs\",\"@id\":\"https:\/\/andrekohout.cz\/pisu-si\/#\/schema\/person\/image\/\",\"url\":\"https:\/\/andrekohout.cz\/pisu-si\/wp-content\/uploads\/2023\/01\/B4FE29FA-E557-475B-A79D-CDFA1F25F74D-34772-000015656C9FC33B.png\",\"contentUrl\":\"https:\/\/andrekohout.cz\/pisu-si\/wp-content\/uploads\/2023\/01\/B4FE29FA-E557-475B-A79D-CDFA1F25F74D-34772-000015656C9FC33B.png\",\"width\":592,\"height\":888,\"caption\":\"Andr\u00e9\"},\"logo\":{\"@id\":\"https:\/\/andrekohout.cz\/pisu-si\/#\/schema\/person\/image\/\"}},{\"@type\":\"Person\",\"@id\":\"https:\/\/andrekohout.cz\/pisu-si\/#\/schema\/person\/abb25bc2b661e26a5810e107f44b9c9d\",\"name\":\"admin\",\"sameAs\":[\"http:\/\/andrekohout.cz\/pisu-si\"],\"url\":\"https:\/\/andrekohout.cz\/pisu-si\/author\/admin\/\"}]}<\/script>\n<!-- \/ Yoast SEO plugin. -->","yoast_head_json":{"title":"Tour de e-commerce vol4.2: The second batch of events from April to June 2023 | Andr\u00e9 Kohout si p\u00ed\u0161e","robots":{"index":"index","follow":"follow","max-snippet":"max-snippet:-1","max-image-preview":"max-image-preview:large","max-video-preview":"max-video-preview:-1"},"canonical":"https:\/\/andrekohout.cz\/pisu-si\/en\/2023\/07\/19\/tour-de-e-commerce-vol4-2-the-second-batch-of-events-from-april-to-june-2023\/","og_locale":"cs_CZ","og_type":"article","og_title":"Tour de e-commerce vol4.2: The second batch of events from April to June 2023 | Andr\u00e9 Kohout si p\u00ed\u0161e","og_description":"The article provides a detailed overview of the various e-commerce events the author has attended from April to June 2023, including conferences, networking events, and startup-related activities. The author discusses the expansion of events to Slovakia, the busy event schedule in April and May, and the winding down of events towards the end of June. The article also includes reflections on the author's involvement in the e-commerce community and the overall event landscape.","og_url":"https:\/\/andrekohout.cz\/pisu-si\/en\/2023\/07\/19\/tour-de-e-commerce-vol4-2-the-second-batch-of-events-from-april-to-june-2023\/","og_site_name":"Andr\u00e9 Kohout si p\u00ed\u0161e","article_published_time":"2023-07-19T07:00:00+00:00","article_modified_time":"2026-01-29T10:44:26+00:00","og_image":[{"width":1877,"height":1251,"url":"https:\/\/andrekohout.cz\/pisu-si\/wp-content\/uploads\/2023\/09\/Tour-de-E-commerce-4.2.jpg","type":"image\/jpeg"}],"author":"admin","twitter_card":"summary_large_image","twitter_misc":{"Napsal(a)":"admin","Odhadovan\u00e1 doba \u010dten\u00ed":"7 minut"},"schema":{"@context":"https:\/\/schema.org","@graph":[{"@type":"Article","@id":"https:\/\/andrekohout.cz\/pisu-si\/en\/2023\/07\/19\/tour-de-e-commerce-vol4-2-the-second-batch-of-events-from-april-to-june-2023\/#article","isPartOf":{"@id":"https:\/\/andrekohout.cz\/pisu-si\/en\/2023\/07\/19\/tour-de-e-commerce-vol4-2-the-second-batch-of-events-from-april-to-june-2023\/"},"author":{"name":"admin","@id":"https:\/\/andrekohout.cz\/pisu-si\/#\/schema\/person\/abb25bc2b661e26a5810e107f44b9c9d"},"headline":"Tour de e-commerce vol4.2: The second batch of events from April to June 2023","datePublished":"2023-07-19T07:00:00+00:00","dateModified":"2026-01-29T10:44:26+00:00","mainEntityOfPage":{"@id":"https:\/\/andrekohout.cz\/pisu-si\/en\/2023\/07\/19\/tour-de-e-commerce-vol4-2-the-second-batch-of-events-from-april-to-june-2023\/"},"wordCount":1516,"publisher":{"@id":"https:\/\/andrekohout.cz\/pisu-si\/#\/schema\/person\/ddbe06cd77abe86d3f88b1d8375e8dfe"},"articleSection":["Marketing","Networking"],"inLanguage":"cs"},{"@type":"WebPage","@id":"https:\/\/andrekohout.cz\/pisu-si\/en\/2023\/07\/19\/tour-de-e-commerce-vol4-2-the-second-batch-of-events-from-april-to-june-2023\/","url":"https:\/\/andrekohout.cz\/pisu-si\/en\/2023\/07\/19\/tour-de-e-commerce-vol4-2-the-second-batch-of-events-from-april-to-june-2023\/","name":"Tour de e-commerce vol4.2: The second batch of events from April to June 2023 | Andr\u00e9 Kohout si p\u00ed\u0161e","isPartOf":{"@id":"https:\/\/andrekohout.cz\/pisu-si\/#website"},"datePublished":"2023-07-19T07:00:00+00:00","dateModified":"2026-01-29T10:44:26+00:00","breadcrumb":{"@id":"https:\/\/andrekohout.cz\/pisu-si\/en\/2023\/07\/19\/tour-de-e-commerce-vol4-2-the-second-batch-of-events-from-april-to-june-2023\/#breadcrumb"},"inLanguage":"cs","potentialAction":[{"@type":"ReadAction","target":["https:\/\/andrekohout.cz\/pisu-si\/en\/2023\/07\/19\/tour-de-e-commerce-vol4-2-the-second-batch-of-events-from-april-to-june-2023\/"]}]},{"@type":"BreadcrumbList","@id":"https:\/\/andrekohout.cz\/pisu-si\/en\/2023\/07\/19\/tour-de-e-commerce-vol4-2-the-second-batch-of-events-from-april-to-june-2023\/#breadcrumb","itemListElement":[{"@type":"ListItem","position":1,"name":"Home","item":"https:\/\/andrekohout.cz\/pisu-si\/"},{"@type":"ListItem","position":2,"name":"Tour de e-commerce vol4.2: The second batch of events from April to June 2023"}]},{"@type":"WebSite","@id":"https:\/\/andrekohout.cz\/pisu-si\/#website","url":"https:\/\/andrekohout.cz\/pisu-si\/","name":"Andr\u00e9 Kohout","description":"po\u010dtete si? ","publisher":{"@id":"https:\/\/andrekohout.cz\/pisu-si\/#\/schema\/person\/ddbe06cd77abe86d3f88b1d8375e8dfe"},"potentialAction":[{"@type":"SearchAction","target":{"@type":"EntryPoint","urlTemplate":"https:\/\/andrekohout.cz\/pisu-si\/?s={search_term_string}"},"query-input":"required name=search_term_string"}],"inLanguage":"cs"},{"@type":["Person","Organization"],"@id":"https:\/\/andrekohout.cz\/pisu-si\/#\/schema\/person\/ddbe06cd77abe86d3f88b1d8375e8dfe","name":"Andr\u00e9","image":{"@type":"ImageObject","inLanguage":"cs","@id":"https:\/\/andrekohout.cz\/pisu-si\/#\/schema\/person\/image\/","url":"https:\/\/andrekohout.cz\/pisu-si\/wp-content\/uploads\/2023\/01\/B4FE29FA-E557-475B-A79D-CDFA1F25F74D-34772-000015656C9FC33B.png","contentUrl":"https:\/\/andrekohout.cz\/pisu-si\/wp-content\/uploads\/2023\/01\/B4FE29FA-E557-475B-A79D-CDFA1F25F74D-34772-000015656C9FC33B.png","width":592,"height":888,"caption":"Andr\u00e9"},"logo":{"@id":"https:\/\/andrekohout.cz\/pisu-si\/#\/schema\/person\/image\/"}},{"@type":"Person","@id":"https:\/\/andrekohout.cz\/pisu-si\/#\/schema\/person\/abb25bc2b661e26a5810e107f44b9c9d","name":"admin","sameAs":["http:\/\/andrekohout.cz\/pisu-si"],"url":"https:\/\/andrekohout.cz\/pisu-si\/author\/admin\/"}]}},"_links":{"self":[{"href":"https:\/\/andrekohout.cz\/pisu-si\/wp-json\/wp\/v2\/posts\/4835"}],"collection":[{"href":"https:\/\/andrekohout.cz\/pisu-si\/wp-json\/wp\/v2\/posts"}],"about":[{"href":"https:\/\/andrekohout.cz\/pisu-si\/wp-json\/wp\/v2\/types\/post"}],"author":[{"embeddable":true,"href":"https:\/\/andrekohout.cz\/pisu-si\/wp-json\/wp\/v2\/users\/1"}],"replies":[{"embeddable":true,"href":"https:\/\/andrekohout.cz\/pisu-si\/wp-json\/wp\/v2\/comments?post=4835"}],"version-history":[{"count":1,"href":"https:\/\/andrekohout.cz\/pisu-si\/wp-json\/wp\/v2\/posts\/4835\/revisions"}],"predecessor-version":[{"id":5011,"href":"https:\/\/andrekohout.cz\/pisu-si\/wp-json\/wp\/v2\/posts\/4835\/revisions\/5011"}],"wp:featuredmedia":[{"embeddable":true,"href":"https:\/\/andrekohout.cz\/pisu-si\/wp-json\/wp\/v2\/media\/2518"}],"wp:attachment":[{"href":"https:\/\/andrekohout.cz\/pisu-si\/wp-json\/wp\/v2\/media?parent=4835"}],"wp:term":[{"taxonomy":"category","embeddable":true,"href":"https:\/\/andrekohout.cz\/pisu-si\/wp-json\/wp\/v2\/categories?post=4835"},{"taxonomy":"post_tag","embeddable":true,"href":"https:\/\/andrekohout.cz\/pisu-si\/wp-json\/wp\/v2\/tags?post=4835"}],"curies":[{"name":"wp","href":"https:\/\/api.w.org\/{rel}","templated":true}]}}