{"id":4832,"date":"2023-11-17T14:51:12","date_gmt":"2023-11-17T13:51:12","guid":{"rendered":"https:\/\/andrekohout.cz\/pisu-si\/2023\/11\/17\/meetdeal-vol2-will-be-when-where-how-and-why\/"},"modified":"2026-01-29T11:44:25","modified_gmt":"2026-01-29T10:44:25","slug":"meetdeal-vol2-will-be-when-where-how-and-why","status":"publish","type":"post","link":"https:\/\/andrekohout.cz\/pisu-si\/en\/2023\/11\/17\/meetdeal-vol2-will-be-when-where-how-and-why\/","title":{"rendered":"Meet&amp;Deal vol2 will be: When, where, how and why?"},"content":{"rendered":"<p><a href=\"https:\/\/www.meetdeal.cz\" target=\"_blank\" rel=\"noreferrer noopener\">Meet&amp;Deal<\/a> continues! I am thrilled that I managed to come up with a concept of events that is not yet here. Respectively, it wasn&#8217;t, but now it is, and I can tell you that it will continue. Of course, until then, as long as you enjoy it and keep coming to these events. How many deals were made at vol1? When and where will Meet&amp;Deal vol2 be? And did you know that you can already buy <a href=\"https:\/\/www.meetdeal.cz\/vstupenka\" target=\"_blank\" rel=\"noreferrer noopener\">tickets<\/a>?<\/p>\n\n<h2 class=\"wp-block-heading\">An event that no one has tasted yet&nbsp;<\/h2>\n\n<p>Did you miss the <a href=\"https:\/\/andrekohout.cz\/pisu-si\/2023\/10\/11\/meetdeal-event-ktery-okusilo-bezmala-150-lidi\/\" target=\"_blank\" rel=\"noreferrer noopener\">first one<\/a>? You have a chance to fix that. Because I&#8217;ll try to push the second one even further. I have plenty of ideas, so in addition to being immersed in the organizational preparations for <a href=\"https:\/\/www.meetdeal.cz\" target=\"_blank\" rel=\"noreferrer noopener\">Meet&amp;Deal vol2<\/a>, I&#8217;m thinking about how to further enrich the entire brand and concept, so that we can raise the level of networking a bit more.&nbsp;<\/p>\n\n<p>Hearing about the Meet&amp;Deal event for the first time? It&#8217;s an event for nearly 150 people in the center of Prague with a concept that is unprecedented in our waters. Take a look at the pilot article <a href=\"https:\/\/andrekohout.cz\/pisu-si\/2023\/05\/30\/networking-mitdyl-aka-tohle-tu-jeste-nebylo\/\" target=\"_blank\" rel=\"noreferrer noopener\">#networking: M\u00edtD\u00fdl aka this hasn&#8217;t been here yet<\/a>, where I introduced the entire event. And if you&#8217;re curious about how it all turned out on October 5, 2023, check out the report <a href=\"https:\/\/andrekohout.cz\/pisu-si\/2023\/10\/11\/meetdeal-event-ktery-okusilo-bezmala-150-lidi\/\" target=\"_blank\" rel=\"noreferrer noopener\">Meet&amp;Deal: An event that was tasted by nearly 150 people<\/a>.&nbsp;<\/p>\n\n<figure class=\"wp-block-gallery has-nested-images columns-default is-cropped\">\n\n<figure class=\"wp-block-image size-large\"><img decoding=\"async\" src=\"https:\/\/andrekohout.cz\/pisu-si\/wp-content\/uploads\/2023\/11\/DSC07319-683x1024.jpg\" alt=\"\" class=\"wp-image-2672\" \/><\/figure>\n\n\n\n<figure class=\"wp-block-image size-large\"><img decoding=\"async\" src=\"https:\/\/andrekohout.cz\/pisu-si\/wp-content\/uploads\/2023\/11\/DSC05359-1024x683.jpg\" alt=\"\" class=\"wp-image-2670\" \/><\/figure>\n\n\n\n<figure class=\"wp-block-image size-large\"><img decoding=\"async\" src=\"https:\/\/andrekohout.cz\/pisu-si\/wp-content\/uploads\/2023\/11\/DSC06489-683x1024.jpg\" alt=\"\" class=\"wp-image-2671\" \/><\/figure>\n\n<\/figure>\n\n<p>Of course, I can write whatever I want about it myself, so I&#8217;ll let you taste the feedback from the vol1 participants: <em>&#8222;At the event, I had the opportunity to meet great people &#8211; the purpose of networking was fulfilled to the fullest. Nice refreshments. Well-chosen speakers. I was sorry that a large part of the people did not stay for the discussion and unfortunately disrupted the panel discussion (maybe there would be great chairs and maybe people would be more calm). Otherwise, I evaluate it positively :))&#8220;<\/em> said <a href=\"https:\/\/www.linkedin.com\/in\/robert-tich\u00fd-97b6b519b\/\" target=\"_blank\" rel=\"noreferrer noopener\">Robert Tich\u00fd<\/a> from the company <a href=\"https:\/\/www.tanganica.com\" target=\"_blank\" rel=\"noreferrer noopener\">Tanganica<\/a>. <em>&#8222;Beautiful environment, great atmosphere, rich catering, rich alcohol, the panel discussion was incredibly fun :-)&#8220;<\/em> adds Nicol Ploszov\u00e1 from <a href=\"https:\/\/www.trenyrkarna.cz\" target=\"_blank\" rel=\"noreferrer noopener\">Tren\u00fdrk\u00e1rna<\/a>.<\/p>\n\n<h2 class=\"wp-block-heading\">Did any deal actually happen?<\/h2>\n\n<p>To meet, get acquainted and close a deal. This is how the name <a href=\"https:\/\/www.meetdeal.cz\" target=\"_blank\" rel=\"noreferrer noopener\">Meet&amp;Deal<\/a> could be loosely translated. Did any of the nearly 150 vol1 participants take away a deal? I asked about that too. <em>&#8222;I managed to negotiate one super deal worth over 60K+ CZK per month related to brand marketing (consulting) cooperation.&#8220;<\/em> shared <a href=\"https:\/\/www.linkedin.com\/in\/michalpresse\/\" target=\"_blank\" rel=\"noreferrer noopener\">Michal Presse<\/a> from <a href=\"https:\/\/www.linkedin.com\/company\/niftyminds-cz\/\" target=\"_blank\" rel=\"noreferrer noopener\">NiftyMinds<\/a>.&nbsp;<\/p>\n\n<p><em>&#8222;<\/em>I have three deals in the works. One of them could work out by the end of the year.<em>&#8222;<\/em> adds her experience <a href=\"https:\/\/www.linkedin.com\/in\/johanakaposvaryova\/\" target=\"_blank\" rel=\"noreferrer noopener\">Johana Kapo\u0161v\u00e1ryov\u00e1<\/a> from <a href=\"https:\/\/exec.shopsys.cz\/vitejte-zpet\" target=\"_blank\" rel=\"noreferrer noopener\">Exec magazine<\/a>. <em>&#8222;I&#8217;ve launched one collaboration, we&#8217;ve successfully tested it and I&#8217;ve even already invoiced. The other one has a slightly slower start, but I believe we&#8217;ll pull it off. Thanks for the connection.&#8220;<\/em> adds my copywriter <a href=\"https:\/\/www.linkedin.com\/in\/daniel-klecka\/\" target=\"_blank\" rel=\"noreferrer noopener\">Daniel Kle\u010dka<\/a>.&nbsp;<\/p>\n\n<figure class=\"wp-block-image size-large\"><img decoding=\"async\" src=\"https:\/\/andrekohout.cz\/pisu-si\/wp-content\/uploads\/2023\/11\/DSC05265-1024x683.jpg\" alt=\"\" class=\"wp-image-2673\" \/><\/figure>\n\n<h2 class=\"wp-block-heading\">Back to vol2<\/h2>\n\n<p>Meet&amp;Deal vol2 will take place on March 7, 2024. You don&#8217;t need to write it down in your calendar if you have my <a href=\"https:\/\/andrekohout.cz\/ecommercekalendar\/\" target=\"_blank\" rel=\"noreferrer noopener\">E-commerce Calendar<\/a> shared. Not yet? Fix it. It&#8217;s free. \ud83d\ude09 And the location? Pra\u017esk\u00e9 Opero was great, but it&#8217;s time to move on&#8230; Even closer to the center! In grand style, we&#8217;re moving straight to Wenceslas Square to the <a href=\"https:\/\/www.vaclavak22.cz\" target=\"_blank\" rel=\"noreferrer noopener\">V\u00e1clav\u00e1k 22<\/a> space. Over 500 m2 for nearly 200 people. Will we outdo <a href=\"https:\/\/andrekohout.cz\/pisu-si\/2023\/10\/11\/meetdeal-event-ktery-okusilo-bezmala-150-lidi\/\" target=\"_blank\" rel=\"noreferrer noopener\">vol1<\/a> in the number of participants?<\/p>\n\n<figure class=\"wp-block-image size-full\"><img decoding=\"async\" width=\"929\" height=\"620\" src=\"https:\/\/andrekohout.cz\/pisu-si\/wp-content\/uploads\/2023\/11\/VR_PlayPark_Juan-Calderon_3.jpg\" alt=\"\" class=\"wp-image-2683\" srcset=\"https:\/\/andrekohout.cz\/pisu-si\/wp-content\/uploads\/2023\/11\/VR_PlayPark_Juan-Calderon_3.jpg 929w, https:\/\/andrekohout.cz\/pisu-si\/wp-content\/uploads\/2023\/11\/VR_PlayPark_Juan-Calderon_3-300x200.jpg 300w, https:\/\/andrekohout.cz\/pisu-si\/wp-content\/uploads\/2023\/11\/VR_PlayPark_Juan-Calderon_3-768x513.jpg 768w\" sizes=\"(max-width: 929px) 100vw, 929px\" \/><\/figure>\n\n<p>That&#8217;s mainly up to all of you. You can already buy tickets in advance in two categories. It depends on how much you belong to e-commerce. You can find all the essential information on the <a href=\"https:\/\/www.meetdeal.cz\/\" target=\"_blank\" rel=\"noreferrer noopener\">meetdeal.cz<\/a> website. So take a look there and I hope to see you soon. \u270c\ufe0f<\/p>\n\n<figure class=\"wp-block-gallery has-nested-images columns-default is-cropped\">\n\n<figure class=\"wp-block-image size-large\"><img decoding=\"async\" src=\"https:\/\/andrekohout.cz\/pisu-si\/wp-content\/uploads\/2023\/11\/DSC05652-683x1024.jpg\" alt=\"\" class=\"wp-image-2675\" \/><\/figure>\n\n\n\n<figure class=\"wp-block-image size-large\"><img decoding=\"async\" src=\"https:\/\/andrekohout.cz\/pisu-si\/wp-content\/uploads\/2023\/11\/DSC05948-683x1024.jpg\" alt=\"\" class=\"wp-image-2678\" \/><\/figure>\n\n\n\n<figure class=\"wp-block-image size-large\"><img decoding=\"async\" src=\"https:\/\/andrekohout.cz\/pisu-si\/wp-content\/uploads\/2023\/11\/DSC05596-683x1024.jpg\" alt=\"\" class=\"wp-image-2674\" \/><\/figure>\n\n<\/figure>\n\n\n<figure class=\"wp-block-image size-large\"><img decoding=\"async\" src=\"https:\/\/andrekohout.cz\/pisu-si\/wp-content\/uploads\/2023\/11\/DSC07319-683x1024.jpg\" alt=\"\" class=\"wp-image-2672\"\/><\/figure>\n\n\n\n<figure class=\"wp-block-image size-large\"><img decoding=\"async\" src=\"https:\/\/andrekohout.cz\/pisu-si\/wp-content\/uploads\/2023\/11\/DSC05359-1024x683.jpg\" alt=\"\" class=\"wp-image-2670\"\/><\/figure>\n\n\n\n<figure class=\"wp-block-image size-large\"><img decoding=\"async\" src=\"https:\/\/andrekohout.cz\/pisu-si\/wp-content\/uploads\/2023\/11\/DSC06489-683x1024.jpg\" alt=\"\" class=\"wp-image-2671\"\/><\/figure>\n\n\n\n<figure class=\"wp-block-image size-large\"><img decoding=\"async\" src=\"https:\/\/andrekohout.cz\/pisu-si\/wp-content\/uploads\/2023\/11\/DSC05265-1024x683.jpg\" alt=\"\" class=\"wp-image-2673\"\/><\/figure>\n\n\n\n<figure class=\"wp-block-image size-full\"><img decoding=\"async\" width=\"929\" height=\"620\" src=\"https:\/\/andrekohout.cz\/pisu-si\/wp-content\/uploads\/2023\/11\/VR_PlayPark_Juan-Calderon_3.jpg\" alt=\"\" class=\"wp-image-2683\" srcset=\"https:\/\/andrekohout.cz\/pisu-si\/wp-content\/uploads\/2023\/11\/VR_PlayPark_Juan-Calderon_3.jpg 929w, https:\/\/andrekohout.cz\/pisu-si\/wp-content\/uploads\/2023\/11\/VR_PlayPark_Juan-Calderon_3-300x200.jpg 300w, https:\/\/andrekohout.cz\/pisu-si\/wp-content\/uploads\/2023\/11\/VR_PlayPark_Juan-Calderon_3-768x513.jpg 768w\" sizes=\"(max-width: 929px) 100vw, 929px\" \/><\/figure>\n\n\n\n<figure class=\"wp-block-image size-large\"><img decoding=\"async\" src=\"https:\/\/andrekohout.cz\/pisu-si\/wp-content\/uploads\/2023\/11\/DSC05652-683x1024.jpg\" alt=\"\" class=\"wp-image-2675\"\/><\/figure>\n\n\n\n<figure class=\"wp-block-image size-large\"><img decoding=\"async\" src=\"https:\/\/andrekohout.cz\/pisu-si\/wp-content\/uploads\/2023\/11\/DSC05948-683x1024.jpg\" alt=\"\" class=\"wp-image-2678\"\/><\/figure>\n\n\n\n<figure class=\"wp-block-image size-large\"><img decoding=\"async\" src=\"https:\/\/andrekohout.cz\/pisu-si\/wp-content\/uploads\/2023\/11\/DSC05596-683x1024.jpg\" alt=\"\" class=\"wp-image-2674\"\/><\/figure>\n","protected":false},"excerpt":{"rendered":"<p>Meet&amp;Deal, an event that hasn&#8217;t been seen before in the Czech Republic, is back with its second edition. The event will take place on March 7, 2024 in a larger venue in the center of Prague, aiming to attract even more participants than the successful first edition. Several deals were made at the inaugural event, and the organizer is determined to further enhance the networking experience.<\/p>\n","protected":false},"author":1,"featured_media":0,"comment_status":"closed","ping_status":"","sticky":false,"template":"","format":"standard","meta":{"inline_featured_image":false},"categories":[416,413],"tags":[],"acf":[],"yoast_head":"<!-- This site is optimized with the Yoast SEO plugin v20.5 - https:\/\/yoast.com\/wordpress\/plugins\/seo\/ -->\n<title>Meet&amp;Deal vol2 will be: When, where, how and why? | Andr\u00e9 Kohout si p\u00ed\u0161e<\/title>\n<meta name=\"robots\" content=\"index, follow, max-snippet:-1, max-image-preview:large, max-video-preview:-1\" \/>\n<link rel=\"canonical\" href=\"https:\/\/andrekohout.cz\/pisu-si\/en\/2023\/11\/17\/meetdeal-vol2-will-be-when-where-how-and-why\/\" \/>\n<meta property=\"og:locale\" content=\"cs_CZ\" \/>\n<meta property=\"og:type\" content=\"article\" \/>\n<meta property=\"og:title\" content=\"Meet&amp;Deal vol2 will be: When, where, how and why? | Andr\u00e9 Kohout si p\u00ed\u0161e\" \/>\n<meta property=\"og:description\" content=\"Meet&amp;Deal, an event that hasn&#039;t been seen before in the Czech Republic, is back with its second edition. The event will take place on March 7, 2024 in a larger venue in the center of Prague, aiming to attract even more participants than the successful first edition. Several deals were made at the inaugural event, and the organizer is determined to further enhance the networking experience.\" \/>\n<meta property=\"og:url\" content=\"https:\/\/andrekohout.cz\/pisu-si\/en\/2023\/11\/17\/meetdeal-vol2-will-be-when-where-how-and-why\/\" \/>\n<meta property=\"og:site_name\" content=\"Andr\u00e9 Kohout si p\u00ed\u0161e\" \/>\n<meta property=\"article:published_time\" content=\"2023-11-17T13:51:12+00:00\" \/>\n<meta property=\"article:modified_time\" content=\"2026-01-29T10:44:25+00:00\" \/>\n<meta property=\"og:image\" content=\"https:\/\/andrekohout.cz\/pisu-si\/wp-content\/uploads\/2023\/11\/DSC07319-683x1024.jpg\" \/>\n<meta name=\"author\" content=\"admin\" \/>\n<meta name=\"twitter:card\" content=\"summary_large_image\" \/>\n<meta name=\"twitter:label1\" content=\"Napsal(a)\" \/>\n\t<meta name=\"twitter:data1\" content=\"admin\" \/>\n\t<meta name=\"twitter:label2\" content=\"Odhadovan\u00e1 doba \u010dten\u00ed\" \/>\n\t<meta name=\"twitter:data2\" content=\"3 minuty\" \/>\n<script type=\"application\/ld+json\" class=\"yoast-schema-graph\">{\"@context\":\"https:\/\/schema.org\",\"@graph\":[{\"@type\":\"Article\",\"@id\":\"https:\/\/andrekohout.cz\/pisu-si\/en\/2023\/11\/17\/meetdeal-vol2-will-be-when-where-how-and-why\/#article\",\"isPartOf\":{\"@id\":\"https:\/\/andrekohout.cz\/pisu-si\/en\/2023\/11\/17\/meetdeal-vol2-will-be-when-where-how-and-why\/\"},\"author\":{\"name\":\"admin\",\"@id\":\"https:\/\/andrekohout.cz\/pisu-si\/#\/schema\/person\/abb25bc2b661e26a5810e107f44b9c9d\"},\"headline\":\"Meet&amp;Deal vol2 will be: When, where, how and why?\",\"datePublished\":\"2023-11-17T13:51:12+00:00\",\"dateModified\":\"2026-01-29T10:44:25+00:00\",\"mainEntityOfPage\":{\"@id\":\"https:\/\/andrekohout.cz\/pisu-si\/en\/2023\/11\/17\/meetdeal-vol2-will-be-when-where-how-and-why\/\"},\"wordCount\":650,\"publisher\":{\"@id\":\"https:\/\/andrekohout.cz\/pisu-si\/#\/schema\/person\/ddbe06cd77abe86d3f88b1d8375e8dfe\"},\"articleSection\":[\"Meet&amp;Deal\",\"Networking\"],\"inLanguage\":\"cs\"},{\"@type\":\"WebPage\",\"@id\":\"https:\/\/andrekohout.cz\/pisu-si\/en\/2023\/11\/17\/meetdeal-vol2-will-be-when-where-how-and-why\/\",\"url\":\"https:\/\/andrekohout.cz\/pisu-si\/en\/2023\/11\/17\/meetdeal-vol2-will-be-when-where-how-and-why\/\",\"name\":\"Meet&amp;Deal vol2 will be: When, where, how and why? | Andr\u00e9 Kohout si p\u00ed\u0161e\",\"isPartOf\":{\"@id\":\"https:\/\/andrekohout.cz\/pisu-si\/#website\"},\"datePublished\":\"2023-11-17T13:51:12+00:00\",\"dateModified\":\"2026-01-29T10:44:25+00:00\",\"breadcrumb\":{\"@id\":\"https:\/\/andrekohout.cz\/pisu-si\/en\/2023\/11\/17\/meetdeal-vol2-will-be-when-where-how-and-why\/#breadcrumb\"},\"inLanguage\":\"cs\",\"potentialAction\":[{\"@type\":\"ReadAction\",\"target\":[\"https:\/\/andrekohout.cz\/pisu-si\/en\/2023\/11\/17\/meetdeal-vol2-will-be-when-where-how-and-why\/\"]}]},{\"@type\":\"BreadcrumbList\",\"@id\":\"https:\/\/andrekohout.cz\/pisu-si\/en\/2023\/11\/17\/meetdeal-vol2-will-be-when-where-how-and-why\/#breadcrumb\",\"itemListElement\":[{\"@type\":\"ListItem\",\"position\":1,\"name\":\"Home\",\"item\":\"https:\/\/andrekohout.cz\/pisu-si\/\"},{\"@type\":\"ListItem\",\"position\":2,\"name\":\"Meet&amp;Deal vol2 will be: When, where, how and why?\"}]},{\"@type\":\"WebSite\",\"@id\":\"https:\/\/andrekohout.cz\/pisu-si\/#website\",\"url\":\"https:\/\/andrekohout.cz\/pisu-si\/\",\"name\":\"Andr\u00e9 Kohout\",\"description\":\"po\u010dtete si? \",\"publisher\":{\"@id\":\"https:\/\/andrekohout.cz\/pisu-si\/#\/schema\/person\/ddbe06cd77abe86d3f88b1d8375e8dfe\"},\"potentialAction\":[{\"@type\":\"SearchAction\",\"target\":{\"@type\":\"EntryPoint\",\"urlTemplate\":\"https:\/\/andrekohout.cz\/pisu-si\/?s={search_term_string}\"},\"query-input\":\"required name=search_term_string\"}],\"inLanguage\":\"cs\"},{\"@type\":[\"Person\",\"Organization\"],\"@id\":\"https:\/\/andrekohout.cz\/pisu-si\/#\/schema\/person\/ddbe06cd77abe86d3f88b1d8375e8dfe\",\"name\":\"Andr\u00e9\",\"image\":{\"@type\":\"ImageObject\",\"inLanguage\":\"cs\",\"@id\":\"https:\/\/andrekohout.cz\/pisu-si\/#\/schema\/person\/image\/\",\"url\":\"https:\/\/andrekohout.cz\/pisu-si\/wp-content\/uploads\/2023\/01\/B4FE29FA-E557-475B-A79D-CDFA1F25F74D-34772-000015656C9FC33B.png\",\"contentUrl\":\"https:\/\/andrekohout.cz\/pisu-si\/wp-content\/uploads\/2023\/01\/B4FE29FA-E557-475B-A79D-CDFA1F25F74D-34772-000015656C9FC33B.png\",\"width\":592,\"height\":888,\"caption\":\"Andr\u00e9\"},\"logo\":{\"@id\":\"https:\/\/andrekohout.cz\/pisu-si\/#\/schema\/person\/image\/\"}},{\"@type\":\"Person\",\"@id\":\"https:\/\/andrekohout.cz\/pisu-si\/#\/schema\/person\/abb25bc2b661e26a5810e107f44b9c9d\",\"name\":\"admin\",\"sameAs\":[\"http:\/\/andrekohout.cz\/pisu-si\"],\"url\":\"https:\/\/andrekohout.cz\/pisu-si\/author\/admin\/\"}]}<\/script>\n<!-- \/ Yoast SEO plugin. -->","yoast_head_json":{"title":"Meet&amp;Deal vol2 will be: When, where, how and why? | Andr\u00e9 Kohout si p\u00ed\u0161e","robots":{"index":"index","follow":"follow","max-snippet":"max-snippet:-1","max-image-preview":"max-image-preview:large","max-video-preview":"max-video-preview:-1"},"canonical":"https:\/\/andrekohout.cz\/pisu-si\/en\/2023\/11\/17\/meetdeal-vol2-will-be-when-where-how-and-why\/","og_locale":"cs_CZ","og_type":"article","og_title":"Meet&amp;Deal vol2 will be: When, where, how and why? | Andr\u00e9 Kohout si p\u00ed\u0161e","og_description":"Meet&amp;Deal, an event that hasn't been seen before in the Czech Republic, is back with its second edition. The event will take place on March 7, 2024 in a larger venue in the center of Prague, aiming to attract even more participants than the successful first edition. Several deals were made at the inaugural event, and the organizer is determined to further enhance the networking experience.","og_url":"https:\/\/andrekohout.cz\/pisu-si\/en\/2023\/11\/17\/meetdeal-vol2-will-be-when-where-how-and-why\/","og_site_name":"Andr\u00e9 Kohout si p\u00ed\u0161e","article_published_time":"2023-11-17T13:51:12+00:00","article_modified_time":"2026-01-29T10:44:25+00:00","og_image":[{"url":"https:\/\/andrekohout.cz\/pisu-si\/wp-content\/uploads\/2023\/11\/DSC07319-683x1024.jpg"}],"author":"admin","twitter_card":"summary_large_image","twitter_misc":{"Napsal(a)":"admin","Odhadovan\u00e1 doba \u010dten\u00ed":"3 minuty"},"schema":{"@context":"https:\/\/schema.org","@graph":[{"@type":"Article","@id":"https:\/\/andrekohout.cz\/pisu-si\/en\/2023\/11\/17\/meetdeal-vol2-will-be-when-where-how-and-why\/#article","isPartOf":{"@id":"https:\/\/andrekohout.cz\/pisu-si\/en\/2023\/11\/17\/meetdeal-vol2-will-be-when-where-how-and-why\/"},"author":{"name":"admin","@id":"https:\/\/andrekohout.cz\/pisu-si\/#\/schema\/person\/abb25bc2b661e26a5810e107f44b9c9d"},"headline":"Meet&amp;Deal vol2 will be: When, where, how and why?","datePublished":"2023-11-17T13:51:12+00:00","dateModified":"2026-01-29T10:44:25+00:00","mainEntityOfPage":{"@id":"https:\/\/andrekohout.cz\/pisu-si\/en\/2023\/11\/17\/meetdeal-vol2-will-be-when-where-how-and-why\/"},"wordCount":650,"publisher":{"@id":"https:\/\/andrekohout.cz\/pisu-si\/#\/schema\/person\/ddbe06cd77abe86d3f88b1d8375e8dfe"},"articleSection":["Meet&amp;Deal","Networking"],"inLanguage":"cs"},{"@type":"WebPage","@id":"https:\/\/andrekohout.cz\/pisu-si\/en\/2023\/11\/17\/meetdeal-vol2-will-be-when-where-how-and-why\/","url":"https:\/\/andrekohout.cz\/pisu-si\/en\/2023\/11\/17\/meetdeal-vol2-will-be-when-where-how-and-why\/","name":"Meet&amp;Deal vol2 will be: When, where, how and why? | Andr\u00e9 Kohout si p\u00ed\u0161e","isPartOf":{"@id":"https:\/\/andrekohout.cz\/pisu-si\/#website"},"datePublished":"2023-11-17T13:51:12+00:00","dateModified":"2026-01-29T10:44:25+00:00","breadcrumb":{"@id":"https:\/\/andrekohout.cz\/pisu-si\/en\/2023\/11\/17\/meetdeal-vol2-will-be-when-where-how-and-why\/#breadcrumb"},"inLanguage":"cs","potentialAction":[{"@type":"ReadAction","target":["https:\/\/andrekohout.cz\/pisu-si\/en\/2023\/11\/17\/meetdeal-vol2-will-be-when-where-how-and-why\/"]}]},{"@type":"BreadcrumbList","@id":"https:\/\/andrekohout.cz\/pisu-si\/en\/2023\/11\/17\/meetdeal-vol2-will-be-when-where-how-and-why\/#breadcrumb","itemListElement":[{"@type":"ListItem","position":1,"name":"Home","item":"https:\/\/andrekohout.cz\/pisu-si\/"},{"@type":"ListItem","position":2,"name":"Meet&amp;Deal vol2 will be: When, where, how and why?"}]},{"@type":"WebSite","@id":"https:\/\/andrekohout.cz\/pisu-si\/#website","url":"https:\/\/andrekohout.cz\/pisu-si\/","name":"Andr\u00e9 Kohout","description":"po\u010dtete si? ","publisher":{"@id":"https:\/\/andrekohout.cz\/pisu-si\/#\/schema\/person\/ddbe06cd77abe86d3f88b1d8375e8dfe"},"potentialAction":[{"@type":"SearchAction","target":{"@type":"EntryPoint","urlTemplate":"https:\/\/andrekohout.cz\/pisu-si\/?s={search_term_string}"},"query-input":"required name=search_term_string"}],"inLanguage":"cs"},{"@type":["Person","Organization"],"@id":"https:\/\/andrekohout.cz\/pisu-si\/#\/schema\/person\/ddbe06cd77abe86d3f88b1d8375e8dfe","name":"Andr\u00e9","image":{"@type":"ImageObject","inLanguage":"cs","@id":"https:\/\/andrekohout.cz\/pisu-si\/#\/schema\/person\/image\/","url":"https:\/\/andrekohout.cz\/pisu-si\/wp-content\/uploads\/2023\/01\/B4FE29FA-E557-475B-A79D-CDFA1F25F74D-34772-000015656C9FC33B.png","contentUrl":"https:\/\/andrekohout.cz\/pisu-si\/wp-content\/uploads\/2023\/01\/B4FE29FA-E557-475B-A79D-CDFA1F25F74D-34772-000015656C9FC33B.png","width":592,"height":888,"caption":"Andr\u00e9"},"logo":{"@id":"https:\/\/andrekohout.cz\/pisu-si\/#\/schema\/person\/image\/"}},{"@type":"Person","@id":"https:\/\/andrekohout.cz\/pisu-si\/#\/schema\/person\/abb25bc2b661e26a5810e107f44b9c9d","name":"admin","sameAs":["http:\/\/andrekohout.cz\/pisu-si"],"url":"https:\/\/andrekohout.cz\/pisu-si\/author\/admin\/"}]}},"_links":{"self":[{"href":"https:\/\/andrekohout.cz\/pisu-si\/wp-json\/wp\/v2\/posts\/4832"}],"collection":[{"href":"https:\/\/andrekohout.cz\/pisu-si\/wp-json\/wp\/v2\/posts"}],"about":[{"href":"https:\/\/andrekohout.cz\/pisu-si\/wp-json\/wp\/v2\/types\/post"}],"author":[{"embeddable":true,"href":"https:\/\/andrekohout.cz\/pisu-si\/wp-json\/wp\/v2\/users\/1"}],"replies":[{"embeddable":true,"href":"https:\/\/andrekohout.cz\/pisu-si\/wp-json\/wp\/v2\/comments?post=4832"}],"version-history":[{"count":1,"href":"https:\/\/andrekohout.cz\/pisu-si\/wp-json\/wp\/v2\/posts\/4832\/revisions"}],"predecessor-version":[{"id":5003,"href":"https:\/\/andrekohout.cz\/pisu-si\/wp-json\/wp\/v2\/posts\/4832\/revisions\/5003"}],"wp:attachment":[{"href":"https:\/\/andrekohout.cz\/pisu-si\/wp-json\/wp\/v2\/media?parent=4832"}],"wp:term":[{"taxonomy":"category","embeddable":true,"href":"https:\/\/andrekohout.cz\/pisu-si\/wp-json\/wp\/v2\/categories?post=4832"},{"taxonomy":"post_tag","embeddable":true,"href":"https:\/\/andrekohout.cz\/pisu-si\/wp-json\/wp\/v2\/tags?post=4832"}],"curies":[{"name":"wp","href":"https:\/\/api.w.org\/{rel}","templated":true}]}}