{"id":4053,"date":"2025-03-31T09:08:02","date_gmt":"2025-03-31T07:08:02","guid":{"rendered":"https:\/\/andrekohout.cz\/pisu-si\/?p=4053"},"modified":"2025-10-11T09:39:58","modified_gmt":"2025-10-11T07:39:58","slug":"tour-de-networking-vol11-z-prahy-pres-slovensko-do-filipin-a-zpet","status":"publish","type":"post","link":"https:\/\/andrekohout.cz\/pisu-si\/2025\/03\/31\/tour-de-networking-vol11-z-prahy-pres-slovensko-do-filipin-a-zpet\/","title":{"rendered":"Tour de networking vol11: Z Prahy p\u0159es Slovensko do Filip\u00edn a zp\u011bt"},"content":{"rendered":"\n<p>Prvn\u00ed d\u00edl z \u201enov\u00e9\u201c s\u00e9rie Tour de networking vol11 je tady. Jak\u00e9 eventy jsem od za\u010d\u00e1tku roku 2025 stihl nav\u0161t\u00edvit, ktere za to st\u00e1ly a kde kde m\u011b u\u017e nikdy neuvid\u00ed? Bude to sice kr\u00e1tk\u00fd, ale za to o to del\u0161\u00ed \u2013 na konci t\u011b \u010dek\u00e1 p\u0159ekv\u00e1pko.<\/p>\n\n\n\n<h2 class=\"wp-block-heading\">Leden: Svatebn\u00ed veletrh a na skok do \u0158\u00edma<\/h2>\n\n\n\n<p>Leden je klasicky klidn\u011bj\u0161\u00ed m\u011bs\u00edc, co se event\u016f t\u00fd\u010de, kdy\u017e Dominik p\u0159i\u0161el s t\u00edm, \u017ee bude m\u00edt &nbsp;\u201est\u00e1nek\u201c na svatebn\u00edm veletrhu, se kter\u00fdm mu pom\u00e1h\u00e1 Maty\u00e1\u0161, rozhodl jsem se, \u017ee na\u0161e propojov\u00e1tory z Meet&amp;Deal podpo\u0159\u00edm. Co si budem, nic pro m\u011b, ale je fajn to vid\u011bt. Hned den na to jsme se s Terkou vydali <a href=\"https:\/\/andrekohout.cz\/pisu-si\/2025\/01\/22\/cestopis-rim-co-stihnout-behem-vikendu\/\" target=\"_blank\" rel=\"noreferrer noopener\">na v\u00edkend do \u0158\u00edma<\/a>. Proto\u017ee pro\u010d ne?&nbsp;<\/p>\n\n\n\n<p>16.1. po\u0159\u00e1dal Luigis Box sv\u00e9 8. narozeniny. U\u017e loni to byla fajn akce, tak\u017ee se tam v\u017edy r\u00e1d vrac\u00edm \u2013 d\u00edky za pozv\u00e1n\u00ed, Sa\u0161o! Byla to v\u00edcem\u00e9n\u011b prvn\u00ed akce po <a href=\"https:\/\/andrekohout.cz\/pisu-si\/2024\/11\/07\/nejvyzivnejsi-networking-zazil-velkolepy-vecer-meetdeal-vol3-se-bude-tezko-prekonavat\/\" target=\"_blank\" rel=\"noreferrer noopener\">Meet&amp;Deal vol3<\/a> a bylo skv\u011bl\u00fd poslouchat, kolik lid\u00ed m\u00e1 jakej deal a co v\u0161echno tam domluvili a za\u017eili.<\/p>\n\n\n\n<figure class=\"wp-block-gallery has-nested-images columns-default is-cropped wp-block-gallery-1 is-layout-flex\">\n<figure class=\"wp-block-image size-large\"><img decoding=\"async\" data-id=\"4058\"  src=\"https:\/\/andrekohout.cz\/pisu-si\/wp-content\/uploads\/2025\/03\/IMG_5914-768x1024.jpg\" alt=\"\" class=\"wp-image-4058\"\/><\/figure>\n\n\n\n<figure class=\"wp-block-image size-large\"><img decoding=\"async\" data-id=\"4057\"  src=\"https:\/\/andrekohout.cz\/pisu-si\/wp-content\/uploads\/2025\/03\/IMG_0911-768x1024.jpg\" alt=\"\" class=\"wp-image-4057\"\/><\/figure>\n<\/figure>\n\n\n\n<h2 class=\"wp-block-heading\">\u00danor: OREA check a expanze do Bratislavy<\/h2>\n\n\n\n<p>16.2. jsem s \u010d\u00e1st\u00ed Meet&amp;Deal t\u00fdmu vyrazil na location check do OREA Resort Skl\u00e1\u0159 v Harrachov\u011b. P\u0159\u00edpravy na n\u00e1\u0161 nejv\u011bt\u0161\u00ed event <a href=\"https:\/\/www.meetdeal.cz\/all-inclusive-edition\" target=\"_blank\" rel=\"noreferrer noopener\">Meet&amp;Deal vol10all-inclusive EDITION<\/a> jsou v pln\u00e9m proudu. To mi p\u0159ipom\u00edn\u00e1, dnes 31.3. je posledn\u00ed den, kdy si m\u016f\u017ee\u0161 koupit nejlevn\u011bj\u0161\u00ed l\u00edstek, tak ne\u010dekej a kupuj na webu <a href=\"http:\/\/mitdyl.cz\/\" target=\"_blank\" rel=\"noreferrer noopener\">mitdyl.cz<\/a>.<\/p>\n\n\n\n<p>20.2. se konal prvn\u00ed Meet&amp;Deal mimo Prahu. V Bratislav\u011b jsme byli u\u017e od 19. do 21.2. Tohle by vydalo na cel\u00fd \u010dl\u00e1nek, tak na n\u011bj mrkni: <a href=\"https:\/\/andrekohout.cz\/pisu-si\/2025\/02\/26\/meetdeal-vol4-splnil-bratislavskou-misi-a-slovaci-chteji-pokracovani\/\" target=\"_blank\" rel=\"noreferrer noopener\">Meet&amp;Deal vol4 splnil bratislavskou misi a Slov\u00e1ci cht\u011bj\u00ed pokra\u010dov\u00e1n\u00ed<\/a>. Nechce se ti \u010d\u00edst? Nato\u010dili jsme z cel\u00fdho \u201epobytu\u201c na Slovensku vlog.&nbsp;<\/p>\n\n\n\n<figure class=\"wp-block-embed is-type-video is-provider-youtube wp-block-embed-youtube wp-embed-aspect-16-9 wp-has-aspect-ratio\"><div class=\"wp-block-embed__wrapper\">\n<iframe loading=\"lazy\" title=\"Vlog byAndr\u00e9 #10: Dobyli jsme Bratislavu. Jak prob\u011bhl pilotn\u00ed slovensk\u00fd Meet&amp;Deal?\" width=\"960\" height=\"540\" src=\"https:\/\/www.youtube.com\/embed\/z5qbY8FdH-k?start=2&#038;feature=oembed\" frameborder=\"0\" allow=\"accelerometer; autoplay; clipboard-write; encrypted-media; gyroscope; picture-in-picture; web-share\" referrerpolicy=\"strict-origin-when-cross-origin\" allowfullscreen><\/iframe>\n<\/div><\/figure>\n\n\n\n<h2 class=\"wp-block-heading\">B\u0159ezen: Bratislava vol2 a Filip\u00edny<\/h2>\n\n\n\n<p>10.3. se konal prvn\u00ed \u017dlt\u00fd Event a j\u00e1 se tak znovu vydal do Bratislavy, bylo skv\u011bl\u00fd sb\u00edrat feedback, jak lidi zp\u011btn\u011b vid\u00ed Meet&amp;Deal vol4, ale hlavn\u011b to byla skv\u011bl\u00e1 konference. B\u011bhem coffee breaku fajn networking, tak\u017ee u\u017eito a c\u00edl spln\u011bn.&nbsp;<\/p>\n\n\n\n<p>N\u00e1sleduj\u00edc\u00ed den si m\u011b pozvali do podcastu LinkedIn Koloto\u010d\u00e1ri. Tak\u017ee to bylo v\u00fd\u017eivn\u00fd. Jak vypadala cel\u00e1 druh\u00e1 bratislavsk\u00e1 mise? Mrkni na dal\u0161\u00ed vlog.<\/p>\n\n\n\n<figure class=\"wp-block-embed is-type-video is-provider-youtube wp-block-embed-youtube wp-embed-aspect-16-9 wp-has-aspect-ratio\"><div class=\"wp-block-embed__wrapper\">\n<iframe loading=\"lazy\" title=\"Zp\u00e1tky v Bratislav\u011b. Jak se buduje osobn\u00ed zna\u010dka? | Vlog byAndr\u00e9 #11\" width=\"960\" height=\"540\" src=\"https:\/\/www.youtube.com\/embed\/FyGnNykmf_4?start=4&#038;feature=oembed\" frameborder=\"0\" allow=\"accelerometer; autoplay; clipboard-write; encrypted-media; gyroscope; picture-in-picture; web-share\" referrerpolicy=\"strict-origin-when-cross-origin\" allowfullscreen><\/iframe>\n<\/div><\/figure>\n\n\n\n<p>13.3. jsme se pak s Terkou op\u011bt sbalili a <a href=\"https:\/\/andrekohout.cz\/pisu-si\/2025\/03\/20\/cestopis-filipiny-vol1-manila-jako-na-dlani-a-hrbitov-kde-bydli-zivi-lide\/\" target=\"_blank\" rel=\"noreferrer noopener\">odlet\u011bli na Filip\u00edny<\/a>. Kv\u016fli odletu jsem bohu\u017eel nemohl na n\u011bkolik akc\u00ed na kter\u00fd jsem cht\u011bl \u2013 SheCon, Mysliveck\u00fd Ples, Obchodn\u00edk Roku, ale nestihnu ani Shop Roku\u2026 tak snad p\u0159\u00ed\u0161t\u011b! Moc akc\u00ed jsem letos zat\u00edm teda nenav\u0161t\u00edvil, ale neboj, druh\u00fd kvart\u00e1l bude lep\u0161\u00ed!&nbsp;<\/p>\n\n\n\n<p>A proto\u017ee to tentokr\u00e1t bylo fakt kr\u00e1tk\u00fd, tak ur\u010dit\u011b mrkni na oba vlogy. A pak se sem vra\u0165 pro p\u0159ehled akc\u00ed na druh\u00fd kvart\u00e1l.&nbsp;<\/p>\n\n\n\n<h2 class=\"wp-block-heading\">Eventy, kter\u00e9 si nenech uj\u00edt<\/h2>\n\n\n\n<ul>\n<li>10.4. <a href=\"https:\/\/www.meetdeal.cz\/vol5\" target=\"_blank\" rel=\"noreferrer noopener\">Meet&amp;Deal vol5 aka nejv\u00fd\u017eivn\u011bj\u0161\u00ed networking<\/a> back in Prague v m\u00f3du Street Food edition<\/li>\n\n\n\n<li>24.4. zav\u00edt\u00e1m asi zase do Bratislavy na SK Obchodn\u00edka Roku<\/li>\n\n\n\n<li>6.5. se kon\u00e1 Content First 2025, kam bych jako content creator <a href=\"https:\/\/www.instagram.com\/jajsemandre\" target=\"_blank\" rel=\"noreferrer noopener\">@jajsemandre<\/a> asi m\u011bl vyrazit, co mysl\u00ed\u0161?<\/li>\n\n\n\n<li>15.5. vezeme <a href=\"https:\/\/www.meetdeal.cz\/brno-edition\" target=\"_blank\" rel=\"noreferrer noopener\">Meet&amp;Deal poprv\u00e9 do Brna<\/a>. Brno Edition bude v OREA Congress Hotelu a j\u00e1 u\u017e se moc t\u011b\u0161\u00edm, co na to \u0159ekne\u0161<\/li>\n\n\n\n<li>27.5. bude Communication Summit. Docela m\u011b to zaujalo, chyst\u00e1\u0161 se tam?&nbsp;<\/li>\n\n\n\n<li>11.6. po\u0159\u00e1d\u00e1 CZ Forbes \u2013 Forbes Business Fest, vid\u00edme se?!<\/li>\n\n\n\n<li>19.6. <a href=\"https:\/\/www.meetdeal.cz\/plzen-edition\" target=\"_blank\" rel=\"noreferrer noopener\">vezeme Meet&amp;Deal do Plzn\u011b<\/a>. Plze\u0148 Edition se kon\u00e1 v Aspekt\u011b, na co\u017e se obzvl\u00e1\u0161\u0165 t\u011b\u0161\u00edm \u2013 business a auta? Skv\u011bl\u00e1 kombinace<\/li>\n<\/ul>\n\n\n\n<p>Let\u2019s go!<\/p>\n\n\n\n<p>Kam se chyst\u00e1\u0161 ty? Napi\u0161 mi na <a href=\"https:\/\/www.linkedin.com\/in\/andrekohout\/\" target=\"_blank\" rel=\"noreferrer noopener\">LinkedIn<\/a> nebo <a href=\"https:\/\/www.instagram.com\/jajsemandre\" target=\"_blank\" rel=\"noreferrer noopener\">Instagram<\/a>!&nbsp;<\/p>\n\n\n\n<p>Chce\u0161, aby se tady p\u0159\u00ed\u0161t\u011b objevila tvoje akce? Dej mi v\u011bd\u011bt a n\u011bjak se domluv\u00edme!<\/p>\n\n\n\n<figure class=\"wp-block-gallery has-nested-images columns-default is-cropped wp-block-gallery-3 is-layout-flex\">\n<figure class=\"wp-block-image size-large\"><img decoding=\"async\" data-id=\"4060\"  src=\"https:\/\/andrekohout.cz\/pisu-si\/wp-content\/uploads\/2025\/03\/FO8_4877-1024x683.jpg\" alt=\"\" class=\"wp-image-4060\"\/><\/figure>\n\n\n\n<figure class=\"wp-block-image size-large\"><img decoding=\"async\" data-id=\"4065\"  src=\"https:\/\/andrekohout.cz\/pisu-si\/wp-content\/uploads\/2025\/03\/FO8_6397-1-1024x683.jpg\" alt=\"\" class=\"wp-image-4065\"\/><\/figure>\n\n\n\n<figure class=\"wp-block-image size-large\"><img decoding=\"async\" data-id=\"4061\"  src=\"https:\/\/andrekohout.cz\/pisu-si\/wp-content\/uploads\/2025\/03\/FO8_5422-1024x683.jpg\" alt=\"\" class=\"wp-image-4061\"\/><\/figure>\n<\/figure>\n\n\n\n<figure class=\"wp-block-gallery has-nested-images columns-default is-cropped wp-block-gallery-5 is-layout-flex\">\n<figure class=\"wp-block-image size-large\"><img decoding=\"async\" data-id=\"4066\"  src=\"https:\/\/andrekohout.cz\/pisu-si\/wp-content\/uploads\/2025\/03\/ZLTY_268-1-1024x683.jpg\" alt=\"\" class=\"wp-image-4066\"\/><\/figure>\n\n\n\n<figure class=\"wp-block-image size-large\"><img decoding=\"async\" data-id=\"4062\"  src=\"https:\/\/andrekohout.cz\/pisu-si\/wp-content\/uploads\/2025\/03\/FO8_6132-1024x683.jpg\" alt=\"\" class=\"wp-image-4062\"\/><\/figure>\n<\/figure>\n","protected":false},"excerpt":{"rendered":"<p>Prvn\u00ed d\u00edl z \u201enov\u00e9\u201c s\u00e9rie Tour de networking vol11 je tady. Jak\u00e9 eventy jsem od za\u010d\u00e1tku roku 2025 stihl nav\u0161t\u00edvit, ktere za to st\u00e1ly a kde kde m\u011b u\u017e nikdy neuvid\u00ed? Bude to sice kr\u00e1tk\u00fd, ale za to o to del\u0161\u00ed \u2013 na konci t\u011b \u010dek\u00e1 p\u0159ekv\u00e1pko. Leden: Svatebn\u00ed veletrh a na skok do \u0158\u00edma [&hellip;]<\/p>\n","protected":false},"author":3,"featured_media":4507,"comment_status":"closed","ping_status":"closed","sticky":false,"template":"","format":"standard","meta":{"inline_featured_image":false},"categories":[59,5],"tags":[87,46,50,8,57,13,101,108],"acf":[],"yoast_head":"<!-- This site is optimized with the Yoast SEO plugin v20.5 - https:\/\/yoast.com\/wordpress\/plugins\/seo\/ -->\n<title>Tour de networking vol11: Z Prahy p\u0159es Slovensko do Filip\u00edn a zp\u011bt | Andr\u00e9 Kohout si p\u00ed\u0161e<\/title>\n<meta name=\"description\" content=\"Jak\u00e9 eventy jsem od za\u010d\u00e1tku roku 2025 stihl nav\u0161t\u00edvit, ktere za to st\u00e1ly a kde kde m\u011b u\u017e nikdy neuvid\u00ed? Na konci \u010dl\u00e1nku t\u011b \u010dek\u00e1 mal\u00e9 p\u0159ekv\u00e1pko. Mrkni.\" \/>\n<meta name=\"robots\" content=\"index, follow, max-snippet:-1, max-image-preview:large, max-video-preview:-1\" \/>\n<link rel=\"canonical\" href=\"https:\/\/andrekohout.cz\/pisu-si\/2025\/03\/31\/tour-de-networking-vol11-z-prahy-pres-slovensko-do-filipin-a-zpet\/\" \/>\n<meta property=\"og:locale\" content=\"cs_CZ\" \/>\n<meta property=\"og:type\" content=\"article\" \/>\n<meta property=\"og:title\" content=\"Tour de networking vol11: Z Prahy p\u0159es Slovensko do Filip\u00edn a zp\u011bt | Andr\u00e9 Kohout si p\u00ed\u0161e\" \/>\n<meta property=\"og:description\" content=\"Jak\u00e9 eventy jsem od za\u010d\u00e1tku roku 2025 stihl nav\u0161t\u00edvit, ktere za to st\u00e1ly a kde kde m\u011b u\u017e nikdy neuvid\u00ed? Na konci \u010dl\u00e1nku t\u011b \u010dek\u00e1 mal\u00e9 p\u0159ekv\u00e1pko. Mrkni.\" \/>\n<meta property=\"og:url\" content=\"https:\/\/andrekohout.cz\/pisu-si\/2025\/03\/31\/tour-de-networking-vol11-z-prahy-pres-slovensko-do-filipin-a-zpet\/\" \/>\n<meta property=\"og:site_name\" content=\"Andr\u00e9 Kohout si p\u00ed\u0161e\" \/>\n<meta property=\"article:published_time\" content=\"2025-03-31T07:08:02+00:00\" \/>\n<meta property=\"article:modified_time\" content=\"2025-10-11T07:39:58+00:00\" \/>\n<meta property=\"og:image\" content=\"https:\/\/andrekohout.cz\/pisu-si\/wp-content\/uploads\/2025\/03\/Tour-de-NETWORKING-vol11.jpg\" \/>\n\t<meta property=\"og:image:width\" content=\"1877\" \/>\n\t<meta property=\"og:image:height\" content=\"1251\" \/>\n\t<meta property=\"og:image:type\" content=\"image\/jpeg\" \/>\n<meta name=\"author\" content=\"Andr\u00e9\" \/>\n<meta name=\"twitter:card\" content=\"summary_large_image\" \/>\n<meta name=\"twitter:label1\" content=\"Napsal(a)\" \/>\n\t<meta name=\"twitter:data1\" content=\"Andr\u00e9\" \/>\n\t<meta name=\"twitter:label2\" content=\"Odhadovan\u00e1 doba \u010dten\u00ed\" \/>\n\t<meta name=\"twitter:data2\" content=\"5 minut\" \/>\n<script type=\"application\/ld+json\" class=\"yoast-schema-graph\">{\"@context\":\"https:\/\/schema.org\",\"@graph\":[{\"@type\":\"Article\",\"@id\":\"https:\/\/andrekohout.cz\/pisu-si\/2025\/03\/31\/tour-de-networking-vol11-z-prahy-pres-slovensko-do-filipin-a-zpet\/#article\",\"isPartOf\":{\"@id\":\"https:\/\/andrekohout.cz\/pisu-si\/2025\/03\/31\/tour-de-networking-vol11-z-prahy-pres-slovensko-do-filipin-a-zpet\/\"},\"author\":{\"name\":\"Andr\u00e9\",\"@id\":\"https:\/\/andrekohout.cz\/pisu-si\/#\/schema\/person\/ddbe06cd77abe86d3f88b1d8375e8dfe\"},\"headline\":\"Tour de networking vol11: Z Prahy p\u0159es Slovensko do Filip\u00edn a zp\u011bt\",\"datePublished\":\"2025-03-31T07:08:02+00:00\",\"dateModified\":\"2025-10-11T07:39:58+00:00\",\"mainEntityOfPage\":{\"@id\":\"https:\/\/andrekohout.cz\/pisu-si\/2025\/03\/31\/tour-de-networking-vol11-z-prahy-pres-slovensko-do-filipin-a-zpet\/\"},\"wordCount\":706,\"publisher\":{\"@id\":\"https:\/\/andrekohout.cz\/pisu-si\/#\/schema\/person\/ddbe06cd77abe86d3f88b1d8375e8dfe\"},\"keywords\":[\"andrekohout\",\"ecommerce\",\"event\",\"marketing\",\"networking\",\"socialmedia\",\"storytelling\",\"tips\"],\"articleSection\":[\"Networking\",\"Story telling\"],\"inLanguage\":\"cs\"},{\"@type\":\"WebPage\",\"@id\":\"https:\/\/andrekohout.cz\/pisu-si\/2025\/03\/31\/tour-de-networking-vol11-z-prahy-pres-slovensko-do-filipin-a-zpet\/\",\"url\":\"https:\/\/andrekohout.cz\/pisu-si\/2025\/03\/31\/tour-de-networking-vol11-z-prahy-pres-slovensko-do-filipin-a-zpet\/\",\"name\":\"Tour de networking vol11: Z Prahy p\u0159es Slovensko do Filip\u00edn a zp\u011bt | Andr\u00e9 Kohout si p\u00ed\u0161e\",\"isPartOf\":{\"@id\":\"https:\/\/andrekohout.cz\/pisu-si\/#website\"},\"datePublished\":\"2025-03-31T07:08:02+00:00\",\"dateModified\":\"2025-10-11T07:39:58+00:00\",\"description\":\"Jak\u00e9 eventy jsem od za\u010d\u00e1tku roku 2025 stihl nav\u0161t\u00edvit, ktere za to st\u00e1ly a kde kde m\u011b u\u017e nikdy neuvid\u00ed? Na konci \u010dl\u00e1nku t\u011b \u010dek\u00e1 mal\u00e9 p\u0159ekv\u00e1pko. Mrkni.\",\"breadcrumb\":{\"@id\":\"https:\/\/andrekohout.cz\/pisu-si\/2025\/03\/31\/tour-de-networking-vol11-z-prahy-pres-slovensko-do-filipin-a-zpet\/#breadcrumb\"},\"inLanguage\":\"cs\",\"potentialAction\":[{\"@type\":\"ReadAction\",\"target\":[\"https:\/\/andrekohout.cz\/pisu-si\/2025\/03\/31\/tour-de-networking-vol11-z-prahy-pres-slovensko-do-filipin-a-zpet\/\"]}]},{\"@type\":\"BreadcrumbList\",\"@id\":\"https:\/\/andrekohout.cz\/pisu-si\/2025\/03\/31\/tour-de-networking-vol11-z-prahy-pres-slovensko-do-filipin-a-zpet\/#breadcrumb\",\"itemListElement\":[{\"@type\":\"ListItem\",\"position\":1,\"name\":\"Home\",\"item\":\"https:\/\/andrekohout.cz\/pisu-si\/\"},{\"@type\":\"ListItem\",\"position\":2,\"name\":\"Tour de networking vol11: Z Prahy p\u0159es Slovensko do Filip\u00edn a zp\u011bt\"}]},{\"@type\":\"WebSite\",\"@id\":\"https:\/\/andrekohout.cz\/pisu-si\/#website\",\"url\":\"https:\/\/andrekohout.cz\/pisu-si\/\",\"name\":\"Andr\u00e9 Kohout\",\"description\":\"po\u010dtete si? \",\"publisher\":{\"@id\":\"https:\/\/andrekohout.cz\/pisu-si\/#\/schema\/person\/ddbe06cd77abe86d3f88b1d8375e8dfe\"},\"potentialAction\":[{\"@type\":\"SearchAction\",\"target\":{\"@type\":\"EntryPoint\",\"urlTemplate\":\"https:\/\/andrekohout.cz\/pisu-si\/?s={search_term_string}\"},\"query-input\":\"required name=search_term_string\"}],\"inLanguage\":\"cs\"},{\"@type\":[\"Person\",\"Organization\"],\"@id\":\"https:\/\/andrekohout.cz\/pisu-si\/#\/schema\/person\/ddbe06cd77abe86d3f88b1d8375e8dfe\",\"name\":\"Andr\u00e9\",\"image\":{\"@type\":\"ImageObject\",\"inLanguage\":\"cs\",\"@id\":\"https:\/\/andrekohout.cz\/pisu-si\/#\/schema\/person\/image\/\",\"url\":\"https:\/\/andrekohout.cz\/pisu-si\/wp-content\/uploads\/2023\/01\/B4FE29FA-E557-475B-A79D-CDFA1F25F74D-34772-000015656C9FC33B.png\",\"contentUrl\":\"https:\/\/andrekohout.cz\/pisu-si\/wp-content\/uploads\/2023\/01\/B4FE29FA-E557-475B-A79D-CDFA1F25F74D-34772-000015656C9FC33B.png\",\"width\":592,\"height\":888,\"caption\":\"Andr\u00e9\"},\"logo\":{\"@id\":\"https:\/\/andrekohout.cz\/pisu-si\/#\/schema\/person\/image\/\"},\"url\":\"https:\/\/andrekohout.cz\/pisu-si\/author\/andre\/\"}]}<\/script>\n<!-- \/ Yoast SEO plugin. -->","yoast_head_json":{"title":"Tour de networking vol11: Z Prahy p\u0159es Slovensko do Filip\u00edn a zp\u011bt | Andr\u00e9 Kohout si p\u00ed\u0161e","description":"Jak\u00e9 eventy jsem od za\u010d\u00e1tku roku 2025 stihl nav\u0161t\u00edvit, ktere za to st\u00e1ly a kde kde m\u011b u\u017e nikdy neuvid\u00ed? Na konci \u010dl\u00e1nku t\u011b \u010dek\u00e1 mal\u00e9 p\u0159ekv\u00e1pko. Mrkni.","robots":{"index":"index","follow":"follow","max-snippet":"max-snippet:-1","max-image-preview":"max-image-preview:large","max-video-preview":"max-video-preview:-1"},"canonical":"https:\/\/andrekohout.cz\/pisu-si\/2025\/03\/31\/tour-de-networking-vol11-z-prahy-pres-slovensko-do-filipin-a-zpet\/","og_locale":"cs_CZ","og_type":"article","og_title":"Tour de networking vol11: Z Prahy p\u0159es Slovensko do Filip\u00edn a zp\u011bt | Andr\u00e9 Kohout si p\u00ed\u0161e","og_description":"Jak\u00e9 eventy jsem od za\u010d\u00e1tku roku 2025 stihl nav\u0161t\u00edvit, ktere za to st\u00e1ly a kde kde m\u011b u\u017e nikdy neuvid\u00ed? Na konci \u010dl\u00e1nku t\u011b \u010dek\u00e1 mal\u00e9 p\u0159ekv\u00e1pko. Mrkni.","og_url":"https:\/\/andrekohout.cz\/pisu-si\/2025\/03\/31\/tour-de-networking-vol11-z-prahy-pres-slovensko-do-filipin-a-zpet\/","og_site_name":"Andr\u00e9 Kohout si p\u00ed\u0161e","article_published_time":"2025-03-31T07:08:02+00:00","article_modified_time":"2025-10-11T07:39:58+00:00","og_image":[{"width":1877,"height":1251,"url":"https:\/\/andrekohout.cz\/pisu-si\/wp-content\/uploads\/2025\/03\/Tour-de-NETWORKING-vol11.jpg","type":"image\/jpeg"}],"author":"Andr\u00e9","twitter_card":"summary_large_image","twitter_misc":{"Napsal(a)":"Andr\u00e9","Odhadovan\u00e1 doba \u010dten\u00ed":"5 minut"},"schema":{"@context":"https:\/\/schema.org","@graph":[{"@type":"Article","@id":"https:\/\/andrekohout.cz\/pisu-si\/2025\/03\/31\/tour-de-networking-vol11-z-prahy-pres-slovensko-do-filipin-a-zpet\/#article","isPartOf":{"@id":"https:\/\/andrekohout.cz\/pisu-si\/2025\/03\/31\/tour-de-networking-vol11-z-prahy-pres-slovensko-do-filipin-a-zpet\/"},"author":{"name":"Andr\u00e9","@id":"https:\/\/andrekohout.cz\/pisu-si\/#\/schema\/person\/ddbe06cd77abe86d3f88b1d8375e8dfe"},"headline":"Tour de networking vol11: Z Prahy p\u0159es Slovensko do Filip\u00edn a zp\u011bt","datePublished":"2025-03-31T07:08:02+00:00","dateModified":"2025-10-11T07:39:58+00:00","mainEntityOfPage":{"@id":"https:\/\/andrekohout.cz\/pisu-si\/2025\/03\/31\/tour-de-networking-vol11-z-prahy-pres-slovensko-do-filipin-a-zpet\/"},"wordCount":706,"publisher":{"@id":"https:\/\/andrekohout.cz\/pisu-si\/#\/schema\/person\/ddbe06cd77abe86d3f88b1d8375e8dfe"},"keywords":["andrekohout","ecommerce","event","marketing","networking","socialmedia","storytelling","tips"],"articleSection":["Networking","Story telling"],"inLanguage":"cs"},{"@type":"WebPage","@id":"https:\/\/andrekohout.cz\/pisu-si\/2025\/03\/31\/tour-de-networking-vol11-z-prahy-pres-slovensko-do-filipin-a-zpet\/","url":"https:\/\/andrekohout.cz\/pisu-si\/2025\/03\/31\/tour-de-networking-vol11-z-prahy-pres-slovensko-do-filipin-a-zpet\/","name":"Tour de networking vol11: Z Prahy p\u0159es Slovensko do Filip\u00edn a zp\u011bt | Andr\u00e9 Kohout si p\u00ed\u0161e","isPartOf":{"@id":"https:\/\/andrekohout.cz\/pisu-si\/#website"},"datePublished":"2025-03-31T07:08:02+00:00","dateModified":"2025-10-11T07:39:58+00:00","description":"Jak\u00e9 eventy jsem od za\u010d\u00e1tku roku 2025 stihl nav\u0161t\u00edvit, ktere za to st\u00e1ly a kde kde m\u011b u\u017e nikdy neuvid\u00ed? Na konci \u010dl\u00e1nku t\u011b \u010dek\u00e1 mal\u00e9 p\u0159ekv\u00e1pko. Mrkni.","breadcrumb":{"@id":"https:\/\/andrekohout.cz\/pisu-si\/2025\/03\/31\/tour-de-networking-vol11-z-prahy-pres-slovensko-do-filipin-a-zpet\/#breadcrumb"},"inLanguage":"cs","potentialAction":[{"@type":"ReadAction","target":["https:\/\/andrekohout.cz\/pisu-si\/2025\/03\/31\/tour-de-networking-vol11-z-prahy-pres-slovensko-do-filipin-a-zpet\/"]}]},{"@type":"BreadcrumbList","@id":"https:\/\/andrekohout.cz\/pisu-si\/2025\/03\/31\/tour-de-networking-vol11-z-prahy-pres-slovensko-do-filipin-a-zpet\/#breadcrumb","itemListElement":[{"@type":"ListItem","position":1,"name":"Home","item":"https:\/\/andrekohout.cz\/pisu-si\/"},{"@type":"ListItem","position":2,"name":"Tour de networking vol11: Z Prahy p\u0159es Slovensko do Filip\u00edn a zp\u011bt"}]},{"@type":"WebSite","@id":"https:\/\/andrekohout.cz\/pisu-si\/#website","url":"https:\/\/andrekohout.cz\/pisu-si\/","name":"Andr\u00e9 Kohout","description":"po\u010dtete si? ","publisher":{"@id":"https:\/\/andrekohout.cz\/pisu-si\/#\/schema\/person\/ddbe06cd77abe86d3f88b1d8375e8dfe"},"potentialAction":[{"@type":"SearchAction","target":{"@type":"EntryPoint","urlTemplate":"https:\/\/andrekohout.cz\/pisu-si\/?s={search_term_string}"},"query-input":"required name=search_term_string"}],"inLanguage":"cs"},{"@type":["Person","Organization"],"@id":"https:\/\/andrekohout.cz\/pisu-si\/#\/schema\/person\/ddbe06cd77abe86d3f88b1d8375e8dfe","name":"Andr\u00e9","image":{"@type":"ImageObject","inLanguage":"cs","@id":"https:\/\/andrekohout.cz\/pisu-si\/#\/schema\/person\/image\/","url":"https:\/\/andrekohout.cz\/pisu-si\/wp-content\/uploads\/2023\/01\/B4FE29FA-E557-475B-A79D-CDFA1F25F74D-34772-000015656C9FC33B.png","contentUrl":"https:\/\/andrekohout.cz\/pisu-si\/wp-content\/uploads\/2023\/01\/B4FE29FA-E557-475B-A79D-CDFA1F25F74D-34772-000015656C9FC33B.png","width":592,"height":888,"caption":"Andr\u00e9"},"logo":{"@id":"https:\/\/andrekohout.cz\/pisu-si\/#\/schema\/person\/image\/"},"url":"https:\/\/andrekohout.cz\/pisu-si\/author\/andre\/"}]}},"_links":{"self":[{"href":"https:\/\/andrekohout.cz\/pisu-si\/wp-json\/wp\/v2\/posts\/4053"}],"collection":[{"href":"https:\/\/andrekohout.cz\/pisu-si\/wp-json\/wp\/v2\/posts"}],"about":[{"href":"https:\/\/andrekohout.cz\/pisu-si\/wp-json\/wp\/v2\/types\/post"}],"author":[{"embeddable":true,"href":"https:\/\/andrekohout.cz\/pisu-si\/wp-json\/wp\/v2\/users\/3"}],"replies":[{"embeddable":true,"href":"https:\/\/andrekohout.cz\/pisu-si\/wp-json\/wp\/v2\/comments?post=4053"}],"version-history":[{"count":1,"href":"https:\/\/andrekohout.cz\/pisu-si\/wp-json\/wp\/v2\/posts\/4053\/revisions"}],"predecessor-version":[{"id":4508,"href":"https:\/\/andrekohout.cz\/pisu-si\/wp-json\/wp\/v2\/posts\/4053\/revisions\/4508"}],"wp:featuredmedia":[{"embeddable":true,"href":"https:\/\/andrekohout.cz\/pisu-si\/wp-json\/wp\/v2\/media\/4507"}],"wp:attachment":[{"href":"https:\/\/andrekohout.cz\/pisu-si\/wp-json\/wp\/v2\/media?parent=4053"}],"wp:term":[{"taxonomy":"category","embeddable":true,"href":"https:\/\/andrekohout.cz\/pisu-si\/wp-json\/wp\/v2\/categories?post=4053"},{"taxonomy":"post_tag","embeddable":true,"href":"https:\/\/andrekohout.cz\/pisu-si\/wp-json\/wp\/v2\/tags?post=4053"}],"curies":[{"name":"wp","href":"https:\/\/api.w.org\/{rel}","templated":true}]}}