{"id":3471,"date":"2024-10-28T08:05:10","date_gmt":"2024-10-28T07:05:10","guid":{"rendered":"https:\/\/andrekohout.cz\/pisu-si\/?p=3471"},"modified":"2025-10-11T10:46:11","modified_gmt":"2025-10-11T08:46:11","slug":"jakub-kantor-si-diky-meetdeal-plni-sve-sny","status":"publish","type":"post","link":"https:\/\/andrekohout.cz\/pisu-si\/2024\/10\/28\/jakub-kantor-si-diky-meetdeal-plni-sve-sny\/","title":{"rendered":"Jakub Kantor si d\u00edky Meet&#038;Deal pln\u00ed sv\u00e9 sny\u00a0"},"content":{"rendered":"\n<p>Jakub Kantor je dokonal\u00fdm p\u0159\u00edkladem, co se ti m\u016f\u017ee st\u00e1t, kdy\u017e bude\u0161 pravideln\u00fdm n\u00e1v\u0161t\u011bvn\u00edkem event\u016f <a href=\"https:\/\/www.meetdeal.cz\" target=\"_blank\" rel=\"noreferrer noopener\">Meet&amp;Deal<\/a>. Dokonce je sv\u00fdm okol\u00edm naz\u00fdv\u00e1n Meet&amp;Deal ambasadorem. A ona je to vlastn\u011b pravda. Jak k tomu do\u0161lo, kolik deal\u016f zvl\u00e1dl Jakub domluvit a jak si splnil sv\u016fj d\u011btsk\u00fd sen?<\/p>\n\n\n\n<h2 class=\"wp-block-heading\">Jsem Jakub Kantor, t\u011b\u0161\u00ed m\u011b<\/h2>\n\n\n\n<p>\u201eJmenuji se <a href=\"http:\/\/linkedin.com\/in\/jakubkantor\/\" target=\"_blank\" rel=\"noreferrer noopener\">Jakub Kantor<\/a> a jsem Brand Strat\u00e9g &amp; Architekt s certifikac\u00ed Level C a zakladatel <a href=\"https:\/\/www.kantorstudio.cz\" target=\"_blank\" rel=\"noreferrer noopener\">Kantor Studio<\/a>. Jsem jedin\u00fd profesion\u00e1l certifikovan\u00fd Brand Architekt v \u010cR a na sv\u011bt\u011b n\u00e1s je jen 160. Posilujeme byznysy a tvo\u0159\u00edme zna\u010dky pro lok\u00e1ln\u00ed firmy i velk\u00e9 hr\u00e1\u010de po cel\u00e9m sv\u011bt\u011b, d\u00edky brandingu. Mezi na\u0161e klienty pat\u0159\u00ed <a href=\"https:\/\/www.kb.cz\/cs\/obcane\" target=\"_blank\" rel=\"noreferrer noopener\">Komer\u010dn\u00ed banka<\/a>, <a href=\"https:\/\/www.oetker.cz\" target=\"_blank\" rel=\"noreferrer noopener\">Dr. Oetker<\/a>, <a href=\"https:\/\/www.koop.cz\" target=\"_blank\" rel=\"noreferrer noopener\">Kooperativa<\/a>, <a href=\"https:\/\/ponerofficial.com\" target=\"_blank\" rel=\"noreferrer noopener\">PONER<\/a>, <a href=\"https:\/\/www.atreya.cz\/\" target=\"_blank\" rel=\"noreferrer noopener\">Atreya<\/a> nebo nap\u0159\u00edklad Nestl\u00e9 Pharmacy. S\u00e1m s oblibou \u0159\u00edk\u00e1m, \u017ee tvo\u0159\u00edme siln\u00e9 zna\u010dky, kter\u00e9 vyniknou.<\/p>\n\n\n\n<p>Ze sv\u00fdch zku\u0161enost\u00ed v\u00edm, \u017ee \u00fasp\u011b\u0161n\u00e9 zna\u010dky se nerod\u00ed p\u0159es noc. D\u011bl\u00e1me branding, kter\u00fd m\u011bn\u00ed firmy na zna\u010dky. D\u00edky Meet&amp;Deal jsem poznal spoustu nov\u00fdch lid\u00ed a vytvo\u0159il si siln\u00e1 p\u0159\u00e1telstv\u00ed, kter\u00e1 m\u011b dostala k zaj\u00edmav\u00fdm \u201edeal\u016fm\u201c. Tahle kombinace je pro m\u011b k nezaplacen\u00ed.\u201c&nbsp;<\/p>\n\n\n\n<figure class=\"wp-block-image size-large is-resized\"><img decoding=\"async\" src=\"https:\/\/andrekohout.cz\/pisu-si\/wp-content\/uploads\/2024\/10\/DSC05504-1024x683.jpg\" alt=\"\" class=\"wp-image-3475\" width=\"720\" height=\"480\"\/><\/figure>\n\n\n\n<h2 class=\"wp-block-heading\">Jak se z Kuby stal ambasador Meet&amp;Deal<\/h2>\n\n\n\n<p>P\u0159i\u0161el na <a href=\"https:\/\/andrekohout.cz\/pisu-si\/2023\/10\/11\/meetdeal-event-ktery-okusilo-bezmala-150-lidi\/\" target=\"_blank\" rel=\"noreferrer noopener\">vol1<\/a>, zav\u00edtal na <a href=\"https:\/\/andrekohout.cz\/pisu-si\/2024\/03\/12\/meetdeal-vol2-rekord-ucastniku-drinku-a-kolektivni-prispevek-na-dobrou-vec\/\" target=\"_blank\" rel=\"noreferrer noopener\">vol2<\/a> a m\u011bl zde svou nejv\u011bt\u0161\u00ed oslavu narozenin, nenechal si uj\u00edt <a href=\"https:\/\/andrekohout.cz\/pisu-si\/2024\/06\/28\/meetdeal-summer-edition-zase-zvedl-latku-jaky-byl-networking-v-letnich-vibes\/\" target=\"_blank\" rel=\"noreferrer noopener\">Summer Edition<\/a> a rovn\u011b\u017e se objevil na GECOMu, kde jsme m\u011bli svou Meet&amp;Deal Lounge. Co to je? Prost\u011b jsme vzali Meet&amp;Deal koncept v\u010detn\u011b propojov\u00e1tor\u016f a p\u0159i\u0161li s n\u00edm na jin\u00fd event. Hosty to bavilo, n\u00e1s taky a rozhodn\u011b se tomu nebr\u00e1n\u00edme do budoucna. Kdy\u017e tak dej v\u011bd\u011bt. Ale zp\u00e1tky k v\u011bci.<\/p>\n\n\n\n<p>V dob\u011b, kdy vznik\u00e1 tenhle \u010dl\u00e1nek, jsme t\u011bsn\u011b p\u0159ed <a href=\"https:\/\/www.meetdeal.cz\/vol3\" target=\"_blank\" rel=\"noreferrer noopener\">vol3<\/a> v <a href=\"https:\/\/www.kaiserstejnskypalac.cz\" target=\"_blank\" rel=\"noreferrer noopener\">Kaiser\u0161tejnsk\u00e9m pal\u00e1ci<\/a> v Praze. Tam m\u00e1 Kuba se sv\u00fdm Kantor gangem, sestrou (marketingovou mana\u017eerkou Kantor Studio) <a href=\"https:\/\/www.linkedin.com\/in\/dominikakantorova\/\" target=\"_blank\" rel=\"noreferrer noopener\">Dominikou Kantorovou<\/a> a mamkou (byzynysovou konzultantkou Kantor Studio) <a href=\"https:\/\/www.linkedin.com\/in\/dagmarakantorova\/\" target=\"_blank\" rel=\"noreferrer noopener\">Dagmarou Kantorovou<\/a> \u2013 kte\u0159\u00ed jsou v\u017edy oble\u010den\u00ed v \u010dern\u00e9m, proto\u017ee brand \u2013 samoz\u0159ejm\u011b taky nam\u00ed\u0159eno. Pro dal\u0161\u00ed deal? Mo\u017en\u00e1. Te\u010f se poj\u010f mrknout na ty dosavadn\u00ed.<\/p>\n\n\n\n<figure class=\"wp-block-gallery has-nested-images columns-default is-cropped wp-block-gallery-1 is-layout-flex\">\n<figure class=\"wp-block-image size-full\"><img decoding=\"async\" data-id=\"3483\"  src=\"https:\/\/andrekohout.cz\/pisu-si\/wp-content\/uploads\/2024\/10\/DSC4157-ve-stredni-velikosti-1.jpg\" alt=\"\" class=\"wp-image-3483\"\/><\/figure>\n\n\n\n<figure class=\"wp-block-image size-full\"><img decoding=\"async\" data-id=\"3484\"  src=\"https:\/\/andrekohout.cz\/pisu-si\/wp-content\/uploads\/2024\/10\/DSC05483-scaled.jpg\" alt=\"\" class=\"wp-image-3484\"\/><\/figure>\n<\/figure>\n\n\n\n<h2 class=\"wp-block-heading\">Jeden deal za druh\u00fdm, ale i p\u0159\u00e1telstv\u00ed<\/h2>\n\n\n\n<p>Ne ka\u017ed\u00fd deal mus\u00ed m\u00edt hned finan\u010dn\u00ed hodnotu. Na Meet&amp;Deal krom\u011b spoluprac\u00ed vznikaj\u00ed p\u0159\u00e1telstv\u00ed. D\u016fkazem je vznik nov\u00fdch \u010di prohlouben\u00ed p\u0159\u00e1telstv\u00ed s lidmi jako <a href=\"https:\/\/www.linkedin.com\/in\/dominik-v\u00e1lka-13165a92\/\" target=\"_blank\" rel=\"noreferrer noopener\">Dominik V\u00e1lka<\/a>, <a href=\"https:\/\/www.linkedin.com\/in\/ruslanskopal\/\" target=\"_blank\" rel=\"noreferrer noopener\">Ruslan Skopal<\/a>, <a href=\"https:\/\/www.linkedin.com\/in\/ondraklega\/\" target=\"_blank\" rel=\"noreferrer noopener\">Ondra Klega<\/a>, <a href=\"https:\/\/www.linkedin.com\/in\/imrichkoval\/\" target=\"_blank\" rel=\"noreferrer noopener\">Imrich Kova\u013e<\/a>, <a href=\"https:\/\/www.linkedin.com\/in\/krist\u00edna-kr\u00e1\u013eov\u00e1-332444223\/\" target=\"_blank\" rel=\"noreferrer noopener\">Krist\u00edna Kr\u00e1\u013eov\u00e1<\/a>, <a href=\"https:\/\/www.linkedin.com\/in\/luboarsov-4432b1b8\/\" target=\"_blank\" rel=\"noreferrer noopener\">Lubo<\/a> a <a href=\"https:\/\/www.linkedin.com\/in\/tomasarsov\/\" target=\"_blank\" rel=\"noreferrer noopener\">Tom\u00e1\u0161 Arsovi<\/a>, <a href=\"https:\/\/www.linkedin.com\/in\/matejkares\/\" target=\"_blank\" rel=\"noreferrer noopener\">Mat\u011bj Kare\u0161<\/a>, <a href=\"https:\/\/www.linkedin.com\/in\/daniel-klecka\/\" target=\"_blank\" rel=\"noreferrer noopener\">Daniel Kle\u010dka<\/a>, <a href=\"https:\/\/www.linkedin.com\/in\/jitkanagelova\/\" target=\"_blank\" rel=\"noreferrer noopener\">Jitka Nagelov\u00e1<\/a> nebo <a href=\"https:\/\/www.linkedin.com\/in\/petr-vojnar\/\" target=\"_blank\" rel=\"noreferrer noopener\">Petr Vojnar<\/a>. T\u011bch lid\u00ed je podle Kuby cel\u00e1 \u0159ada. Sam\u00e1 zaj\u00edmav\u00e1 jm\u00e9na. A s v\u011bt\u0161inou z nich Kuba z\u00e1rove\u0148 spolupracuje. D\u00edky Meet&amp;Deal u\u017e vy\u0159e\u0161il byznys za rovn\u00fd milion.&nbsp;<\/p>\n\n\n\n<p>Nap\u0159\u00edklad s Dominikem V\u00e1lkou uzav\u0159eli deal na 100k a \u0159e\u0161\u00ed spolu Dominikovu osobn\u00ed zna\u010dku. U\u017e brzy se m\u016f\u017eete t\u011b\u0161it na v\u00fdsledky. S Petrem Vojnarem vytvo\u0159ili nov\u00e9 workshopy, kter\u00e9 ji\u017e p\u0159ipravuj\u00ed na rok 2025. <a href=\"https:\/\/www.linkedin.com\/in\/marketavrabcova\/\" target=\"_blank\" rel=\"noreferrer noopener\">Mark\u00e9t\u011b Krug<\/a> pom\u00e1h\u00e1 budovat jej\u00ed zna\u010dku To nen\u00ed mo\u017en\u00fd, kam se nyn\u00ed zapojil ve spolupr\u00e1ci i Daniel Kle\u010dka. D\u00edky spolupr\u00e1ci s <a href=\"https:\/\/www.linkedin.com\/in\/katarina-durcova\/\" target=\"_blank\" rel=\"noreferrer noopener\">Katar\u00ednou \u010eur\u010dovou<\/a> a Imrichovi Kova\u013eovi p\u0159edn\u00e1\u0161el na COE 2024 a <a href=\"https:\/\/www.linkedin.com\/in\/mbubenicek\/\" target=\"_blank\" rel=\"noreferrer noopener\">Mike Buben\u00ed\u010dek<\/a> bude hostem jeho po\u0159adu zvan\u00e9ho Brand Talk.<\/p>\n\n\n\n<p>To samoz\u0159ejm\u011b nen\u00ed v\u0161echno. Kuba vyu\u017e\u00edv\u00e1 networking na 100 %. D\u00edky Meet&amp;Deal se Kubovi poda\u0159ilo zjistit, \u017ee Dagmara jsou spole\u010dn\u011b s <a href=\"https:\/\/www.linkedin.com\/in\/ondraklega\/\" target=\"_blank\" rel=\"noreferrer noopener\">Ondrou Klegou<\/a> vzd\u00e1len\u00ed p\u0159\u00edbuzn\u00ed p\u0159es jej\u00edho otce \u2013 Kubova d\u011bdu. Jsou takov\u00e1 jedna rodina, by se dalo \u0159\u00edct. Sv\u011bt je docela mal\u00e9 m\u00edsto, co?<\/p>\n\n\n\n<p>Mimo jin\u00e9 se tak\u00e9 Dagmara Kantorov\u00e1 specializuje ji\u017e 19 let na nemovitosti a d\u00edky kontakt\u016fm z Meet&amp;Dealu \u00fasp\u011b\u0161n\u011b zajistila ji\u017e n\u011bkolik prodej\u016f nemovitost\u00ed. Co\u017e je tak\u00e9 skv\u011bl\u00fd deal.<\/p>\n\n\n\n<figure class=\"wp-block-gallery has-nested-images columns-default is-cropped wp-block-gallery-3 is-layout-flex\">\n<figure class=\"wp-block-image size-large\"><img decoding=\"async\" data-id=\"3477\"  src=\"https:\/\/andrekohout.cz\/pisu-si\/wp-content\/uploads\/2024\/10\/FO8_5498-1024x683.jpg\" alt=\"\" class=\"wp-image-3477\"\/><\/figure>\n\n\n\n<figure class=\"wp-block-image size-full\"><img decoding=\"async\" data-id=\"3485\"  src=\"https:\/\/andrekohout.cz\/pisu-si\/wp-content\/uploads\/2024\/10\/DSC4105-ve-stredni-velikosti-2.jpg\" alt=\"\" class=\"wp-image-3485\"\/><\/figure>\n\n\n\n<figure class=\"wp-block-image size-large\"><img decoding=\"async\" data-id=\"3476\"  src=\"https:\/\/andrekohout.cz\/pisu-si\/wp-content\/uploads\/2024\/10\/DSC3745-1024x683.jpg\" alt=\"\" class=\"wp-image-3476\"\/><\/figure>\n<\/figure>\n\n\n\n<h2 class=\"wp-block-heading\">Meet&amp;Deal jako oslava narozenin? Pro\u010d ne?<\/h2>\n\n\n\n<p>Meet&amp;Deal vol2 byl specifick\u00fd. Jednak jsem pot\u0159eboval p\u0159ekonat vol1 po v\u0161ech str\u00e1nk\u00e1ch a jednak tu byla je\u0161t\u011b jedna z\u00e1sadn\u00ed v\u011bc. S Kubou (krom\u011b toho, \u017ee spolu spolupracujeme) jsme dob\u0159\u00ed kamar\u00e1di. On m\u011bl ten den toti\u017e narozeniny. To bych nebyl j\u00e1, abych si pro n\u011bj nep\u0159ipravil p\u0159ekvapen\u00ed.&nbsp;<\/p>\n\n\n\n<p>P\u0159ichystali jsme s t\u00fdmem dort, p\u0159\u00edpitek a narozeninov\u00e9 p\u0159\u00e1n\u00ed. Kubovo narozeniny jsme tak n\u00e1le\u017eit\u011b oslavili. Dle jeho slov byl dojat\u00fd a v\u011bt\u0161\u00ed narozeninovou p\u00e1rty pr\u00fd je\u0161t\u011b neza\u017eil. Na Meet&amp;Deal vol2 v prostorech <a href=\"https:\/\/www.vaclavak22.cz\" target=\"_blank\" rel=\"noreferrer noopener\">V\u00e1clav\u00e1ku22<\/a> p\u0159i\u0161lo p\u0159es 200 lid\u00ed.&nbsp;<\/p>\n\n\n\n<figure class=\"wp-block-gallery has-nested-images columns-default is-cropped wp-block-gallery-5 is-layout-flex\">\n<figure class=\"wp-block-image size-large\"><img decoding=\"async\" data-id=\"3481\"  src=\"https:\/\/andrekohout.cz\/pisu-si\/wp-content\/uploads\/2024\/10\/DSC4124-ve-stredni-velikosti.jpg\" alt=\"\" class=\"wp-image-3481\"\/><\/figure>\n<\/figure>\n\n\n\n<h2 class=\"wp-block-heading\">A te\u010f ten d\u011btsk\u00fd sen<\/h2>\n\n\n\n<p>Tohle je mo\u017en\u00e1 no big deal v porovn\u00e1n\u00ed s t\u011bmi byznysov\u00fdmi. I kdy\u017e vlastn\u011b pro\u010d ne. Jakub se dob\u0159e zn\u00e1 s <a href=\"https:\/\/www.linkedin.com\/in\/ruslanskopal\/\" target=\"_blank\" rel=\"noreferrer noopener\">Ruslanem Skopalem<\/a> i d\u00edky Meet&amp;Deal. Ruslan toti\u017e taky nechyb\u011bl na \u017e\u00e1dn\u00e9m na\u0161em eventu. A pr\u00e1v\u011b d\u00edky dlouhodob\u00e9mu p\u0159\u00e1telstv\u00ed Jakuba s Ruslanem a jednoho skv\u011bl\u00e9ho ob\u011bda padla \u0159e\u010d na to, \u017ee by si Kuba jednoho dne cht\u011bl po\u0159\u00eddit Porsche. Slovo dalo slovo a Kuba si od Ruslana koupil par\u00e1dn\u00ed \u010dern\u00e9 Porsche 911 v Black Edition, jak on s\u00e1m \u0159\u00edk\u00e1 \u201en\u00e1ramn\u011b mu sed\u00ed k jeho brandu\u201c.&nbsp;<\/p>\n\n\n\n<p>Pokud sleduje\u0161 <a href=\"https:\/\/www.instagram.com\/jakubkantor_7\/\" target=\"_blank\" rel=\"noreferrer noopener\">Kubovo Instagram<\/a>, jeho \u201enov\u00e9\u201c Porsche ti ur\u010dit\u011b neuniklo. A pokud jo, b\u011b\u017e se na n\u011bj mrknout, proto\u017ee je to kr\u00e1sn\u00e1 uk\u00e1zka toho, \u017ee d\u011btsk\u00e9 sny by se m\u011bly plnit.&nbsp;<\/p>\n\n\n\n<figure class=\"wp-block-image size-large is-resized\"><img decoding=\"async\" src=\"https:\/\/andrekohout.cz\/pisu-si\/wp-content\/uploads\/2024\/10\/FO8_8413-kopie-1024x683.jpg\" alt=\"\" class=\"wp-image-3478\" width=\"752\" height=\"501\"\/><\/figure>\n\n\n\n<h2 class=\"wp-block-heading\">Od za\u010d\u00e1tku a\u017e do konce<\/h2>\n\n\n\n<p>Nejen \u017ee Kuba nav\u0161t\u00edvil dosud v\u0161echny eventy Meet&amp;Deal, ale zpravidla celou akci v\u017edycky uzav\u00edr\u00e1. T\u00edm m\u00e1m na mysli, \u017ee z\u016fst\u00e1v\u00e1 a\u017e do konce i na afterparty. A\u0165 u\u017e to byla vol1, vol2 nebo Summer Edition. Prost\u011b se mu l\u00edb\u00ed vibe Meet&amp;Deal a to, \u017ee m\u016f\u017ee s nov\u00fdmi lidmi str\u00e1vit v\u00edce \u010dasu a\u017e do sam\u00e9ho konce.&nbsp;<\/p>\n\n\n\n<p>Zkr\u00e1tka <a href=\"http:\/\/linkedin.com\/in\/jakubkantor\/\" target=\"_blank\" rel=\"noreferrer noopener\">Jakub Kantor<\/a> se pomalu ale jist\u011b st\u00e1v\u00e1 ned\u00edlnou sou\u010d\u00e1st\u00ed event\u016f Meet&amp;Deal. Na v\u0161echny eventy si poctiv\u011b koupil vstupenku, proto\u017ee v\u00ed, jak d\u016fle\u017eit\u00e9 je um\u011bt podpo\u0159it projekty sv\u00fdch p\u0159\u00e1tel a dle jeho slov se mu tato investice u\u017e d\u00e1vno vyplatila. S\u00e1m nav\u00edc \u0159\u00edk\u00e1, \u017ee ho kontakty z networkingu posunuly o dal\u0161\u00ed t\u0159i levely.<\/p>\n\n\n\n<p>T\u011b\u0161\u00edm se na jeho p\u0159\u00edtomnost na <a href=\"https:\/\/www.meetdeal.cz\/vol3\" target=\"_blank\" rel=\"noreferrer noopener\">vol3<\/a> a taky na eventech v p\u0159\u00ed\u0161t\u00edm roce, kter\u00e9 u\u017e m\u00e1me napl\u00e1novan\u00e9. Jakubovi pat\u0159\u00ed ode m\u011b velk\u00fd d\u00edk za p\u0159\u00edze\u0148 i za \u0161\u00ed\u0159en\u00ed p\u011bkn\u00fdch slov o Meet&amp;Deal. D\u00edky, Kubo!<\/p>\n\n\n\n<figure class=\"wp-block-gallery has-nested-images columns-default is-cropped wp-block-gallery-7 is-layout-flex\">\n<figure class=\"wp-block-image size-large\"><img decoding=\"async\" data-id=\"3486\"  src=\"https:\/\/andrekohout.cz\/pisu-si\/wp-content\/uploads\/2024\/10\/FO8_8396-1024x683.jpg\" alt=\"\" class=\"wp-image-3486\"\/><\/figure>\n\n\n\n<figure class=\"wp-block-image size-large\"><img decoding=\"async\" data-id=\"3487\"  src=\"https:\/\/andrekohout.cz\/pisu-si\/wp-content\/uploads\/2024\/10\/FO8_8246-1024x683.jpg\" alt=\"\" class=\"wp-image-3487\"\/><\/figure>\n<\/figure>\n","protected":false},"excerpt":{"rendered":"<p>Jakub Kantor je dokonal\u00fdm p\u0159\u00edkladem, co se ti m\u016f\u017ee st\u00e1t, kdy\u017e bude\u0161 pravideln\u00fdm n\u00e1v\u0161t\u011bvn\u00edkem event\u016f Meet&amp;Deal. Dokonce je sv\u00fdm okol\u00edm naz\u00fdv\u00e1n Meet&amp;Deal ambasadorem. A ona je to vlastn\u011b pravda. Jak k tomu do\u0161lo, kolik deal\u016f zvl\u00e1dl Jakub domluvit a jak si splnil sv\u016fj d\u011btsk\u00fd sen? Jsem Jakub Kantor, t\u011b\u0161\u00ed m\u011b \u201eJmenuji se Jakub Kantor a [&hellip;]<\/p>\n","protected":false},"author":3,"featured_media":4623,"comment_status":"closed","ping_status":"closed","sticky":false,"template":"","format":"standard","meta":{"inline_featured_image":false},"categories":[169,5],"tags":[87,30,151,46,50,8,57,101,108],"acf":[],"yoast_head":"<!-- This site is optimized with the Yoast SEO plugin v20.5 - https:\/\/yoast.com\/wordpress\/plugins\/seo\/ -->\n<title>Jakub Kantor si d\u00edky Meet&amp;Deal pln\u00ed sv\u00e9 sny\u00a0 | Andr\u00e9 Kohout si p\u00ed\u0161e<\/title>\n<meta name=\"description\" content=\"Jakub Kantor je sv\u00fdm okol\u00edm naz\u00fdv\u00e1n Meet&amp;Deal ambasadorem. Byl na ka\u017ed\u00e9m eventu, poznal spousty zaj\u00edmav\u00fdch lid\u00ed a odnesl si celou \u0159adu deal\u016f. Jak\u00e9 byly?\" \/>\n<meta name=\"robots\" content=\"index, follow, max-snippet:-1, max-image-preview:large, max-video-preview:-1\" \/>\n<link rel=\"canonical\" href=\"https:\/\/andrekohout.cz\/pisu-si\/2024\/10\/28\/jakub-kantor-si-diky-meetdeal-plni-sve-sny\/\" \/>\n<meta property=\"og:locale\" content=\"cs_CZ\" \/>\n<meta property=\"og:type\" content=\"article\" \/>\n<meta property=\"og:title\" content=\"Jakub Kantor si d\u00edky Meet&amp;Deal pln\u00ed sv\u00e9 sny\u00a0 | Andr\u00e9 Kohout si p\u00ed\u0161e\" \/>\n<meta property=\"og:description\" content=\"Jakub Kantor je sv\u00fdm okol\u00edm naz\u00fdv\u00e1n Meet&amp;Deal ambasadorem. Byl na ka\u017ed\u00e9m eventu, poznal spousty zaj\u00edmav\u00fdch lid\u00ed a odnesl si celou \u0159adu deal\u016f. Jak\u00e9 byly?\" \/>\n<meta property=\"og:url\" content=\"https:\/\/andrekohout.cz\/pisu-si\/2024\/10\/28\/jakub-kantor-si-diky-meetdeal-plni-sve-sny\/\" \/>\n<meta property=\"og:site_name\" content=\"Andr\u00e9 Kohout si p\u00ed\u0161e\" \/>\n<meta property=\"article:published_time\" content=\"2024-10-28T07:05:10+00:00\" \/>\n<meta property=\"article:modified_time\" content=\"2025-10-11T08:46:11+00:00\" \/>\n<meta property=\"og:image\" content=\"https:\/\/andrekohout.cz\/pisu-si\/wp-content\/uploads\/2024\/10\/Kdo-je-ambasador-MeetDeal_.jpg\" \/>\n\t<meta property=\"og:image:width\" content=\"1877\" \/>\n\t<meta property=\"og:image:height\" content=\"1251\" \/>\n\t<meta property=\"og:image:type\" content=\"image\/jpeg\" \/>\n<meta name=\"author\" content=\"Andr\u00e9\" \/>\n<meta name=\"twitter:card\" content=\"summary_large_image\" \/>\n<meta name=\"twitter:label1\" content=\"Napsal(a)\" \/>\n\t<meta name=\"twitter:data1\" content=\"Andr\u00e9\" \/>\n\t<meta name=\"twitter:label2\" content=\"Odhadovan\u00e1 doba \u010dten\u00ed\" \/>\n\t<meta name=\"twitter:data2\" content=\"7 minut\" \/>\n<script type=\"application\/ld+json\" class=\"yoast-schema-graph\">{\"@context\":\"https:\/\/schema.org\",\"@graph\":[{\"@type\":\"Article\",\"@id\":\"https:\/\/andrekohout.cz\/pisu-si\/2024\/10\/28\/jakub-kantor-si-diky-meetdeal-plni-sve-sny\/#article\",\"isPartOf\":{\"@id\":\"https:\/\/andrekohout.cz\/pisu-si\/2024\/10\/28\/jakub-kantor-si-diky-meetdeal-plni-sve-sny\/\"},\"author\":{\"name\":\"Andr\u00e9\",\"@id\":\"https:\/\/andrekohout.cz\/pisu-si\/#\/schema\/person\/ddbe06cd77abe86d3f88b1d8375e8dfe\"},\"headline\":\"Jakub Kantor si d\u00edky Meet&#038;Deal pln\u00ed sv\u00e9 sny\u00a0\",\"datePublished\":\"2024-10-28T07:05:10+00:00\",\"dateModified\":\"2025-10-11T08:46:11+00:00\",\"mainEntityOfPage\":{\"@id\":\"https:\/\/andrekohout.cz\/pisu-si\/2024\/10\/28\/jakub-kantor-si-diky-meetdeal-plni-sve-sny\/\"},\"wordCount\":1180,\"publisher\":{\"@id\":\"https:\/\/andrekohout.cz\/pisu-si\/#\/schema\/person\/ddbe06cd77abe86d3f88b1d8375e8dfe\"},\"keywords\":[\"andrekohout\",\"brand\",\"branding\",\"ecommerce\",\"event\",\"marketing\",\"networking\",\"storytelling\",\"tips\"],\"articleSection\":[\"Meet&amp;Deal\",\"Story telling\"],\"inLanguage\":\"cs\"},{\"@type\":\"WebPage\",\"@id\":\"https:\/\/andrekohout.cz\/pisu-si\/2024\/10\/28\/jakub-kantor-si-diky-meetdeal-plni-sve-sny\/\",\"url\":\"https:\/\/andrekohout.cz\/pisu-si\/2024\/10\/28\/jakub-kantor-si-diky-meetdeal-plni-sve-sny\/\",\"name\":\"Jakub Kantor si d\u00edky Meet&Deal pln\u00ed sv\u00e9 sny\u00a0 | Andr\u00e9 Kohout si p\u00ed\u0161e\",\"isPartOf\":{\"@id\":\"https:\/\/andrekohout.cz\/pisu-si\/#website\"},\"datePublished\":\"2024-10-28T07:05:10+00:00\",\"dateModified\":\"2025-10-11T08:46:11+00:00\",\"description\":\"Jakub Kantor je sv\u00fdm okol\u00edm naz\u00fdv\u00e1n Meet&Deal ambasadorem. Byl na ka\u017ed\u00e9m eventu, poznal spousty zaj\u00edmav\u00fdch lid\u00ed a odnesl si celou \u0159adu deal\u016f. Jak\u00e9 byly?\",\"breadcrumb\":{\"@id\":\"https:\/\/andrekohout.cz\/pisu-si\/2024\/10\/28\/jakub-kantor-si-diky-meetdeal-plni-sve-sny\/#breadcrumb\"},\"inLanguage\":\"cs\",\"potentialAction\":[{\"@type\":\"ReadAction\",\"target\":[\"https:\/\/andrekohout.cz\/pisu-si\/2024\/10\/28\/jakub-kantor-si-diky-meetdeal-plni-sve-sny\/\"]}]},{\"@type\":\"BreadcrumbList\",\"@id\":\"https:\/\/andrekohout.cz\/pisu-si\/2024\/10\/28\/jakub-kantor-si-diky-meetdeal-plni-sve-sny\/#breadcrumb\",\"itemListElement\":[{\"@type\":\"ListItem\",\"position\":1,\"name\":\"Home\",\"item\":\"https:\/\/andrekohout.cz\/pisu-si\/\"},{\"@type\":\"ListItem\",\"position\":2,\"name\":\"Jakub Kantor si d\u00edky Meet&#038;Deal pln\u00ed sv\u00e9 sny\u00a0\"}]},{\"@type\":\"WebSite\",\"@id\":\"https:\/\/andrekohout.cz\/pisu-si\/#website\",\"url\":\"https:\/\/andrekohout.cz\/pisu-si\/\",\"name\":\"Andr\u00e9 Kohout\",\"description\":\"po\u010dtete si? \",\"publisher\":{\"@id\":\"https:\/\/andrekohout.cz\/pisu-si\/#\/schema\/person\/ddbe06cd77abe86d3f88b1d8375e8dfe\"},\"potentialAction\":[{\"@type\":\"SearchAction\",\"target\":{\"@type\":\"EntryPoint\",\"urlTemplate\":\"https:\/\/andrekohout.cz\/pisu-si\/?s={search_term_string}\"},\"query-input\":\"required name=search_term_string\"}],\"inLanguage\":\"cs\"},{\"@type\":[\"Person\",\"Organization\"],\"@id\":\"https:\/\/andrekohout.cz\/pisu-si\/#\/schema\/person\/ddbe06cd77abe86d3f88b1d8375e8dfe\",\"name\":\"Andr\u00e9\",\"image\":{\"@type\":\"ImageObject\",\"inLanguage\":\"cs\",\"@id\":\"https:\/\/andrekohout.cz\/pisu-si\/#\/schema\/person\/image\/\",\"url\":\"https:\/\/andrekohout.cz\/pisu-si\/wp-content\/uploads\/2023\/01\/B4FE29FA-E557-475B-A79D-CDFA1F25F74D-34772-000015656C9FC33B.png\",\"contentUrl\":\"https:\/\/andrekohout.cz\/pisu-si\/wp-content\/uploads\/2023\/01\/B4FE29FA-E557-475B-A79D-CDFA1F25F74D-34772-000015656C9FC33B.png\",\"width\":592,\"height\":888,\"caption\":\"Andr\u00e9\"},\"logo\":{\"@id\":\"https:\/\/andrekohout.cz\/pisu-si\/#\/schema\/person\/image\/\"},\"url\":\"https:\/\/andrekohout.cz\/pisu-si\/author\/andre\/\"}]}<\/script>\n<!-- \/ Yoast SEO plugin. -->","yoast_head_json":{"title":"Jakub Kantor si d\u00edky Meet&Deal pln\u00ed sv\u00e9 sny\u00a0 | Andr\u00e9 Kohout si p\u00ed\u0161e","description":"Jakub Kantor je sv\u00fdm okol\u00edm naz\u00fdv\u00e1n Meet&Deal ambasadorem. Byl na ka\u017ed\u00e9m eventu, poznal spousty zaj\u00edmav\u00fdch lid\u00ed a odnesl si celou \u0159adu deal\u016f. Jak\u00e9 byly?","robots":{"index":"index","follow":"follow","max-snippet":"max-snippet:-1","max-image-preview":"max-image-preview:large","max-video-preview":"max-video-preview:-1"},"canonical":"https:\/\/andrekohout.cz\/pisu-si\/2024\/10\/28\/jakub-kantor-si-diky-meetdeal-plni-sve-sny\/","og_locale":"cs_CZ","og_type":"article","og_title":"Jakub Kantor si d\u00edky Meet&Deal pln\u00ed sv\u00e9 sny\u00a0 | Andr\u00e9 Kohout si p\u00ed\u0161e","og_description":"Jakub Kantor je sv\u00fdm okol\u00edm naz\u00fdv\u00e1n Meet&Deal ambasadorem. Byl na ka\u017ed\u00e9m eventu, poznal spousty zaj\u00edmav\u00fdch lid\u00ed a odnesl si celou \u0159adu deal\u016f. Jak\u00e9 byly?","og_url":"https:\/\/andrekohout.cz\/pisu-si\/2024\/10\/28\/jakub-kantor-si-diky-meetdeal-plni-sve-sny\/","og_site_name":"Andr\u00e9 Kohout si p\u00ed\u0161e","article_published_time":"2024-10-28T07:05:10+00:00","article_modified_time":"2025-10-11T08:46:11+00:00","og_image":[{"width":1877,"height":1251,"url":"https:\/\/andrekohout.cz\/pisu-si\/wp-content\/uploads\/2024\/10\/Kdo-je-ambasador-MeetDeal_.jpg","type":"image\/jpeg"}],"author":"Andr\u00e9","twitter_card":"summary_large_image","twitter_misc":{"Napsal(a)":"Andr\u00e9","Odhadovan\u00e1 doba \u010dten\u00ed":"7 minut"},"schema":{"@context":"https:\/\/schema.org","@graph":[{"@type":"Article","@id":"https:\/\/andrekohout.cz\/pisu-si\/2024\/10\/28\/jakub-kantor-si-diky-meetdeal-plni-sve-sny\/#article","isPartOf":{"@id":"https:\/\/andrekohout.cz\/pisu-si\/2024\/10\/28\/jakub-kantor-si-diky-meetdeal-plni-sve-sny\/"},"author":{"name":"Andr\u00e9","@id":"https:\/\/andrekohout.cz\/pisu-si\/#\/schema\/person\/ddbe06cd77abe86d3f88b1d8375e8dfe"},"headline":"Jakub Kantor si d\u00edky Meet&#038;Deal pln\u00ed sv\u00e9 sny\u00a0","datePublished":"2024-10-28T07:05:10+00:00","dateModified":"2025-10-11T08:46:11+00:00","mainEntityOfPage":{"@id":"https:\/\/andrekohout.cz\/pisu-si\/2024\/10\/28\/jakub-kantor-si-diky-meetdeal-plni-sve-sny\/"},"wordCount":1180,"publisher":{"@id":"https:\/\/andrekohout.cz\/pisu-si\/#\/schema\/person\/ddbe06cd77abe86d3f88b1d8375e8dfe"},"keywords":["andrekohout","brand","branding","ecommerce","event","marketing","networking","storytelling","tips"],"articleSection":["Meet&amp;Deal","Story telling"],"inLanguage":"cs"},{"@type":"WebPage","@id":"https:\/\/andrekohout.cz\/pisu-si\/2024\/10\/28\/jakub-kantor-si-diky-meetdeal-plni-sve-sny\/","url":"https:\/\/andrekohout.cz\/pisu-si\/2024\/10\/28\/jakub-kantor-si-diky-meetdeal-plni-sve-sny\/","name":"Jakub Kantor si d\u00edky Meet&Deal pln\u00ed sv\u00e9 sny\u00a0 | Andr\u00e9 Kohout si p\u00ed\u0161e","isPartOf":{"@id":"https:\/\/andrekohout.cz\/pisu-si\/#website"},"datePublished":"2024-10-28T07:05:10+00:00","dateModified":"2025-10-11T08:46:11+00:00","description":"Jakub Kantor je sv\u00fdm okol\u00edm naz\u00fdv\u00e1n Meet&Deal ambasadorem. Byl na ka\u017ed\u00e9m eventu, poznal spousty zaj\u00edmav\u00fdch lid\u00ed a odnesl si celou \u0159adu deal\u016f. Jak\u00e9 byly?","breadcrumb":{"@id":"https:\/\/andrekohout.cz\/pisu-si\/2024\/10\/28\/jakub-kantor-si-diky-meetdeal-plni-sve-sny\/#breadcrumb"},"inLanguage":"cs","potentialAction":[{"@type":"ReadAction","target":["https:\/\/andrekohout.cz\/pisu-si\/2024\/10\/28\/jakub-kantor-si-diky-meetdeal-plni-sve-sny\/"]}]},{"@type":"BreadcrumbList","@id":"https:\/\/andrekohout.cz\/pisu-si\/2024\/10\/28\/jakub-kantor-si-diky-meetdeal-plni-sve-sny\/#breadcrumb","itemListElement":[{"@type":"ListItem","position":1,"name":"Home","item":"https:\/\/andrekohout.cz\/pisu-si\/"},{"@type":"ListItem","position":2,"name":"Jakub Kantor si d\u00edky Meet&#038;Deal pln\u00ed sv\u00e9 sny\u00a0"}]},{"@type":"WebSite","@id":"https:\/\/andrekohout.cz\/pisu-si\/#website","url":"https:\/\/andrekohout.cz\/pisu-si\/","name":"Andr\u00e9 Kohout","description":"po\u010dtete si? ","publisher":{"@id":"https:\/\/andrekohout.cz\/pisu-si\/#\/schema\/person\/ddbe06cd77abe86d3f88b1d8375e8dfe"},"potentialAction":[{"@type":"SearchAction","target":{"@type":"EntryPoint","urlTemplate":"https:\/\/andrekohout.cz\/pisu-si\/?s={search_term_string}"},"query-input":"required name=search_term_string"}],"inLanguage":"cs"},{"@type":["Person","Organization"],"@id":"https:\/\/andrekohout.cz\/pisu-si\/#\/schema\/person\/ddbe06cd77abe86d3f88b1d8375e8dfe","name":"Andr\u00e9","image":{"@type":"ImageObject","inLanguage":"cs","@id":"https:\/\/andrekohout.cz\/pisu-si\/#\/schema\/person\/image\/","url":"https:\/\/andrekohout.cz\/pisu-si\/wp-content\/uploads\/2023\/01\/B4FE29FA-E557-475B-A79D-CDFA1F25F74D-34772-000015656C9FC33B.png","contentUrl":"https:\/\/andrekohout.cz\/pisu-si\/wp-content\/uploads\/2023\/01\/B4FE29FA-E557-475B-A79D-CDFA1F25F74D-34772-000015656C9FC33B.png","width":592,"height":888,"caption":"Andr\u00e9"},"logo":{"@id":"https:\/\/andrekohout.cz\/pisu-si\/#\/schema\/person\/image\/"},"url":"https:\/\/andrekohout.cz\/pisu-si\/author\/andre\/"}]}},"_links":{"self":[{"href":"https:\/\/andrekohout.cz\/pisu-si\/wp-json\/wp\/v2\/posts\/3471"}],"collection":[{"href":"https:\/\/andrekohout.cz\/pisu-si\/wp-json\/wp\/v2\/posts"}],"about":[{"href":"https:\/\/andrekohout.cz\/pisu-si\/wp-json\/wp\/v2\/types\/post"}],"author":[{"embeddable":true,"href":"https:\/\/andrekohout.cz\/pisu-si\/wp-json\/wp\/v2\/users\/3"}],"replies":[{"embeddable":true,"href":"https:\/\/andrekohout.cz\/pisu-si\/wp-json\/wp\/v2\/comments?post=3471"}],"version-history":[{"count":3,"href":"https:\/\/andrekohout.cz\/pisu-si\/wp-json\/wp\/v2\/posts\/3471\/revisions"}],"predecessor-version":[{"id":4624,"href":"https:\/\/andrekohout.cz\/pisu-si\/wp-json\/wp\/v2\/posts\/3471\/revisions\/4624"}],"wp:featuredmedia":[{"embeddable":true,"href":"https:\/\/andrekohout.cz\/pisu-si\/wp-json\/wp\/v2\/media\/4623"}],"wp:attachment":[{"href":"https:\/\/andrekohout.cz\/pisu-si\/wp-json\/wp\/v2\/media?parent=3471"}],"wp:term":[{"taxonomy":"category","embeddable":true,"href":"https:\/\/andrekohout.cz\/pisu-si\/wp-json\/wp\/v2\/categories?post=3471"},{"taxonomy":"post_tag","embeddable":true,"href":"https:\/\/andrekohout.cz\/pisu-si\/wp-json\/wp\/v2\/tags?post=3471"}],"curies":[{"name":"wp","href":"https:\/\/api.w.org\/{rel}","templated":true}]}}