{"id":3446,"date":"2024-10-23T13:41:10","date_gmt":"2024-10-23T11:41:10","guid":{"rendered":"https:\/\/andrekohout.cz\/pisu-si\/?p=3446"},"modified":"2025-10-11T10:46:33","modified_gmt":"2025-10-11T08:46:33","slug":"tour-de-e-commerce-vol9-symbolickych-9-akci-za-2-mesice","status":"publish","type":"post","link":"https:\/\/andrekohout.cz\/pisu-si\/2024\/10\/23\/tour-de-e-commerce-vol9-symbolickych-9-akci-za-2-mesice\/","title":{"rendered":"Tour de e-commerce vol9: Symbolick\u00fdch 9 akc\u00ed za 2 m\u011bs\u00edce"},"content":{"rendered":"\n<p>Sez\u00f3na akc\u00ed je skoro za n\u00e1mi a u\u017e se n\u00e1m za\u010d\u00ednaj\u00ed pl\u00e1novat v\u00e1no\u010dn\u00ed ve\u010d\u00edrky a s spolu s nimi tak trochu jin\u00fd networking. Jak\u00e9 akce st\u00e1ly v posledn\u00edch 2 m\u011bs\u00edc\u00edch za to? Na to se poj\u010fte se mnou te\u010f pod\u00edvat v r\u00e1mci dev\u00e1t\u00e9ho d\u00edlu Tour de e-commerce konference.&nbsp;<\/p>\n\n\n\n<h2 class=\"wp-block-heading\">Tip pro lep\u0161\u00ed networking<\/h2>\n\n\n\n<p>Pokud chce\u0161 posunout sv\u016fj networking, po\u0159i\u010f si m\u016fj e-book <a href=\"https:\/\/andrekohout.cz\/ebook\/\" target=\"_blank\" rel=\"noreferrer noopener\">NETWORKING byAndr\u00e9<\/a>, kde jsem dal dohromady v\u0161echny sv\u00e9 dosavadn\u00ed zku\u0161enosti s networkingem a to nejz\u00e1sadn\u011bj\u0161\u00ed, co mus\u00ed\u0161 v\u011bd\u011bt jako za\u010d\u00e1te\u010dn\u00edk i jako \u010dlov\u011bk, co networkuje n\u011bjak\u00fd ten p\u00e1tek.<\/p>\n\n\n\n<h2 class=\"wp-block-heading\">Pe\u010dliv\u011bj\u0161\u00ed v\u00fdb\u011br akc\u00ed po l\u00e9t\u011b<\/h2>\n\n\n\n<p>Vzhledem k tomu, \u017ee si akce \u010d\u00edm d\u00e1l v\u00edc vyb\u00edr\u00e1m, je jich \u010d\u00edm d\u00e1l m\u00e9n\u011b, kde se uk\u00e1\u017eu. Tentokr\u00e1t jsem byl na 9 akc\u00edch za 2 m\u011bs\u00edce. Za\u010dal jsem hned ve velk\u00fdm stylu na <a href=\"https:\/\/cc.cz\/startupawards\/\" target=\"_blank\" rel=\"noreferrer noopener\">StartUp Awards<\/a>, kter\u00e9 prob\u011bhly 12. z\u00e1\u0159\u00ed. Byla to fakt skv\u011bl\u00e1 akce pln\u00e1 zaj\u00edmav\u00fdch lid\u00ed, zn\u00e1m\u00fdch a \u00fasp\u011b\u0161n\u00fdch startup\u016f, kter\u00e9 <a href=\"https:\/\/cc.cz\" target=\"_blank\" rel=\"noreferrer noopener\">CzechCrunch<\/a> na\u0161el, vybral a ocenil. Den pot\u00e9 jsme jeli s tak\u0159ka cel\u00fdm t\u00fdmem Meet&amp;Deal na teambuilding, ale o tom u\u017e ur\u010dit\u011b v\u00ed\u0161 z m\u00e9ho \u010dl\u00e1nku <a href=\"https:\/\/andrekohout.cz\/pisu-si\/2024\/09\/25\/meetdeal-teambuilding-mame-terminy-akci-na-cely-rok\/\" target=\"_blank\" rel=\"noreferrer noopener\">Meet&amp;Deal teambuilding: M\u00e1me term\u00edny akc\u00ed na cel\u00fd rok<\/a>.&nbsp;<\/p>\n\n\n\n<p>19. z\u00e1\u0159\u00ed jsem vyrazil na <a href=\"https:\/\/www.socialrestart.cz\" target=\"_blank\" rel=\"noreferrer noopener\">Social Restart<\/a>, kter\u00fd po\u0159\u00e1d\u00e1 <a href=\"https:\/\/taste.cz\" target=\"_blank\" rel=\"noreferrer noopener\">Taste<\/a>. Tam jsem v\u00fdjime\u010dn\u011b vn\u00edmal i obsah, a\u0165 u\u017e to byla p\u0159edn\u00e1\u0161ka od <a href=\"https:\/\/www.linkedin.com\/in\/danielvachuna\/\" target=\"_blank\" rel=\"noreferrer noopener\">Daniel Vachuna<\/a> o virtu\u00e1ln\u00ed influnecerce BabyBlue nebo mal\u00fd panel Prachy, \u017eelezo a komunity, kde <a href=\"https:\/\/www.linkedin.com\/in\/mitakoch\/\" target=\"_blank\" rel=\"noreferrer noopener\">Michael Koch<\/a> zpov\u00eddal <a href=\"https:\/\/www.linkedin.com\/in\/michal-vr\u00e1tn\u00fd-0922792a\/\" target=\"_blank\" rel=\"noreferrer noopener\">Radara<\/a> z <a href=\"https:\/\/www.zeleznakoule.cz\" target=\"_blank\" rel=\"noreferrer noopener\">\u017delezn\u00fd koule<\/a> a <a href=\"https:\/\/www.linkedin.com\/in\/denisahrubesova\/\">Denisou Hrube\u0161ovou<\/a> z <a href=\"https:\/\/www.forendors.cz\" target=\"_blank\" rel=\"noreferrer noopener\">Forendors<\/a>. P\u0159edn\u00e1\u0161ku <a href=\"https:\/\/www.linkedin.com\/in\/eva-\u010dejkov\u00e1\/\" target=\"_blank\" rel=\"noreferrer noopener\">Evy \u010cejkov\u00e9<\/a>, kterou jsem na event dohodil, jsem bohu\u017eel nestihl, nu co\u017e.&nbsp;<\/p>\n\n\n\n<p>Ze Social Restartu jsem \u0161el na konzultaci do <a href=\"https:\/\/socialmind.cz\" target=\"_blank\" rel=\"noreferrer noopener\">Socialmindu<\/a>, kter\u00fdm pom\u00e1h\u00e1m s jejich <a href=\"https:\/\/socialmind.cz\/eventy\/masterclass-2\" target=\"_blank\" rel=\"noreferrer noopener\">Social media Masterclass #2<\/a>. K tomu se je\u0161t\u011b dostanu, ale pokud se mnou chce\u0161 zkonzultovat sv\u016fj byznys, tak si <a href=\"https:\/\/andrekohout.cz\/terminy\/\">objednej konzultaci tady<\/a>. Po konzultaci jsem vyrazil na p\u0159edstaven\u00ed nov\u00e9 spolupr\u00e1ce Bombay Sapphire a <a href=\"https:\/\/www.linkedin.com\/in\/maximvelcovsky\/\" target=\"_blank\" rel=\"noreferrer noopener\">Maxim Vel\u010dovsk\u00fd<\/a>, kam m\u011b pozval <a href=\"https:\/\/www.linkedin.com\/in\/zbiejczuk\/\" target=\"_blank\" rel=\"noreferrer noopener\">Adam Zbiejczuk<\/a> a byla to nakonec fajn networkingov\u00e1 akce.&nbsp;<\/p>\n\n\n\n<figure class=\"wp-block-gallery has-nested-images columns-default is-cropped wp-block-gallery-1 is-layout-flex\">\n<figure class=\"wp-block-image size-large\"><img decoding=\"async\" data-id=\"3449\"  src=\"https:\/\/andrekohout.cz\/pisu-si\/wp-content\/uploads\/2024\/10\/JAN6302-Enhanced-NR-1024x683.jpg\" alt=\"\" class=\"wp-image-3449\"\/><\/figure>\n\n\n\n<figure class=\"wp-block-image size-large\"><img decoding=\"async\" data-id=\"3448\"  src=\"https:\/\/andrekohout.cz\/pisu-si\/wp-content\/uploads\/2024\/10\/JAN5747-1024x683.jpg\" alt=\"\" class=\"wp-image-3448\"\/><\/figure>\n<\/figure>\n\n\n\n<p>21. z\u00e1\u0159\u00ed m\u011b pozval Alex Vecka na oslavu sv\u00fdch narozenin, tak jsem se po cest\u011b tam stavil na Kamenick\u00e1 Rocks, kter\u00fd po\u0159\u00e1dala <a href=\"https:\/\/www.instagram.com\/things.by.e\/\" target=\"_blank\" rel=\"noreferrer noopener\">Eli\u0161ka<\/a> z <a href=\"https:\/\/www.darkstore.cz\" target=\"_blank\" rel=\"noreferrer noopener\">Dark Concept Store<\/a> a pak networkoval na oslav\u011b. I tam jsem toti\u017e poznal dost zaj\u00edmav\u00fdch lid\u00ed.&nbsp;<\/p>\n\n\n\n<p>25. z\u00e1\u0159\u00ed jsme s <a href=\"https:\/\/www.instagram.com\/cze.kid\/\" target=\"_blank\" rel=\"noreferrer noopener\">Davidem Gregorem<\/a> vyrazili na Slovensko, proto\u017ee jsme obdr\u017eeli pozv\u00e1n\u00ed na <a href=\"https:\/\/www.upterdam.sk\" target=\"_blank\" rel=\"noreferrer noopener\">Upterdam<\/a> \u2013 nejv\u011bt\u0161\u00ed e-commerce konferenci na Slovensku. Tak jsme sbalili techniku a jeli tvo\u0159it content \u2013 za\u010dali jsme v Bratislav\u011b, kde jsem byl nejprve hostem podcastu <a href=\"https:\/\/www.trustpay.eu\" target=\"_blank\" rel=\"noreferrer noopener\">Trustpay<\/a> (vyjde v prosinci), a pak se p\u0159esunuli do Sence. Ale to u\u017e ur\u010dit\u011b v\u00ed\u0161 d\u00edky \u010dl\u00e1nku <a href=\"https:\/\/andrekohout.cz\/pisu-si\/2024\/10\/09\/navstivil-jsem-nejvetsi-e-commerce-konferenci-na-slovensku-jaky-byl-upterdam\/\" target=\"_blank\" rel=\"noreferrer noopener\">Nav\u0161t\u00edvil jsem nejv\u011bt\u0161\u00ed e-commerce konferenci na Slovensku. Jak\u00fd byl Upterdam?<\/a>, vi\u010f? Upterdam je skv\u011bl\u00e1 akce a u\u017e te\u010f se t\u011b\u0161\u00edm na p\u0159\u00ed\u0161t\u00ed rok.&nbsp;<\/p>\n\n\n\n<figure class=\"wp-block-image size-large is-resized\"><img decoding=\"async\" src=\"https:\/\/andrekohout.cz\/pisu-si\/wp-content\/uploads\/2024\/10\/DSC00349-Enhanced-NR-1-1024x683.jpg\" alt=\"\" class=\"wp-image-3456\" width=\"712\" height=\"474\"\/><\/figure>\n\n\n\n<h2 class=\"wp-block-heading\">V\u00fd\u017eivn\u00fd \u0159\u00edjen, kter\u00fd je\u0161t\u011b nekon\u010d\u00ed<\/h2>\n\n\n\n<p>T\u00fdden na to jsme s Terkou jeli do <a href=\"https:\/\/www.vinarstviusvatehomartina.cz\" target=\"_blank\" rel=\"noreferrer noopener\">Vina\u0159stv\u00ed U svat\u00e9ho Martina<\/a>, pod\u00edvat se, jak si stojej a jak jim to vych\u00e1z\u00ed. To si pil na <a href=\"https:\/\/andrekohout.cz\/pisu-si\/2024\/06\/28\/meetdeal-summer-edition-zase-zvedl-latku-jaky-byl-networking-v-letnich-vibes\/\" target=\"_blank\" rel=\"noreferrer noopener\">Meet&amp;Deal Summer Edition<\/a>, pamatuje\u0161?&nbsp;<\/p>\n\n\n\n<p>Po kr\u00e1tk\u00e9 pauze, 10. \u0159\u00edjna, jsem jel do Ostravy, kde jsem moderoval <a href=\"https:\/\/www.marketingon.cz\" target=\"_blank\" rel=\"noreferrer noopener\">MarketingON<\/a>, Kdy\u017e pominu eventy Meet&amp;Deal, bylo to moje prvn\u00ed moderov\u00e1n\u00ed. A jak to dopadlo? J\u00e1 si mysl\u00edm, \u017ee skv\u011ble. Jen jednou mi utekla my\u0161lenka a jednou jsem spletl jedno jm\u00e9no. Na 6hodinov\u00fd moderov\u00e1n\u00ed si mysl\u00edm, \u017ee dobr\u00fd.&nbsp;<\/p>\n\n\n\n<p>Ve stejn\u00fd den taky prob\u011bhl u\u017e zmi\u0148ovan\u00fd <a href=\"https:\/\/socialmind.cz\/eventy\/masterclass-2\" target=\"_blank\" rel=\"noreferrer noopener\">Social media Masterclass #2<\/a>, kam jsem se nemohl dostavit osobn\u011b, a tak jsem tam poslal sv\u016fj t\u00fdm. V\u00fdsledek? 3 zaj\u00edmav\u00e9 prezentace na t\u00e9ma soci\u00e1ln\u00edch s\u00edt\u00edch. <a href=\"https:\/\/www.linkedin.com\/in\/kiavcin\/\" target=\"_blank\" rel=\"noreferrer noopener\">Ras\u0165o Kiav\u010din<\/a> se na to pod\u00edval z pohledu zna\u010dek, <a href=\"https:\/\/www.linkedin.com\/in\/alexander-gricajev\/\" target=\"_blank\" rel=\"noreferrer noopener\">Alex Gritsayev<\/a> nast\u00ednil trendy roku 2025 a <a href=\"https:\/\/www.linkedin.com\/in\/mbubenicek\/\" target=\"_blank\" rel=\"noreferrer noopener\">Mike Buben\u00ed\u010dek<\/a> to propojil s vlivem um\u011bl\u00e9 inteligence. Na z\u00e1v\u011br prob\u011bhla panelov\u00e1 diskuze, do kter\u00e9 se k p\u0159edn\u00e1\u0161ej\u00edc\u00edm p\u0159idaly \u200b<a href=\"https:\/\/www.linkedin.com\/in\/liz-miloshevskaya-523a89209\/\" target=\"_blank\" rel=\"noreferrer noopener\">\u200bL\u00edza Miloshevskaya<\/a> a <a href=\"https:\/\/www.linkedin.com\/in\/adrianahudakova\/\" target=\"_blank\" rel=\"noreferrer noopener\">Adriana Hud\u00e1kov\u00e1<\/a>. B\u011bhem programu \u00fa\u010dastn\u00edci mohli pokl\u00e1dat ot\u00e1zky na Slido, tak\u017ee jak p\u0159edn\u00e1\u0161ky, tak panelovka byly o to zaj\u00edmav\u011bj\u0161\u00ed. Samoz\u0159ejm\u011b nechyb\u011bl ani networking, kter\u00fd se rozjel hned po startu eventu a pokra\u010doval a\u017e do ve\u010dern\u00edch hodin. S\u00e1m dob\u0159e v\u00edm, jak je n\u00e1ro\u010dn\u00e9 zorganizovat skoro 200 lid\u00ed na jednom m\u00edst\u011b, ale Alex se <a href=\"https:\/\/www.linkedin.com\/in\/zuzana-k-ab7044274\" target=\"_blank\" rel=\"noreferrer noopener\">Zuzkou<\/a> to zvl\u00e1dli skv\u011ble a j\u00e1 se budu t\u011b\u0161it na na\u0161i dal\u0161\u00ed spolupr\u00e1ci. \ud83d\udcaa<\/p>\n\n\n\n<p>14. \u0159\u00edjna m\u011b <a href=\"https:\/\/www.linkedin.com\/in\/natalie-chladkova\/\" target=\"_blank\" rel=\"noreferrer noopener\">Naty Chl\u00e1dkov\u00e1<\/a> pozvala na prvn\u00ed <a href=\"https:\/\/www.linkedin.com\/company\/casopisfinmag\/\" target=\"_blank\" rel=\"noreferrer noopener\">Finmag<\/a> event, kter\u00fd organizovala. Natku m\u016f\u017eete zn\u00e1t z Meet&amp;Deal, kde u\u017e od vol2 pom\u00e1h\u00e1 s registrac\u00ed a p\u0159\u00edpravami akc\u00ed. Ka\u017edop\u00e1dn\u011b <a href=\"https:\/\/praha.camp\" target=\"_blank\" rel=\"noreferrer noopener\">Camp<\/a> v Praze je fakt hezkej modern\u00ed prostor a po networkingov\u00e9 str\u00e1nce to byla akce na jedni\u010dku.&nbsp;<\/p>\n\n\n\n<p>16. \u0159\u00edjna po\u0159\u00e1dal <a href=\"https:\/\/www.linkedin.com\/in\/michael-rytir\/\" target=\"_blank\" rel=\"noreferrer noopener\">Michael Ryt\u00ed\u0159<\/a> dal\u0161\u00ed <a href=\"https:\/\/www.vaclavak22.cz\/networking-party\/\" target=\"_blank\" rel=\"noreferrer noopener\">Networking Party<\/a> na <a href=\"https:\/\/www.vaclavak22.cz\" target=\"_blank\" rel=\"noreferrer noopener\">V\u00e1clav\u00e1k22<\/a>, kterou jsme spolu vymysleli. A\u010dkoliv u\u017e mu s t\u00edm nepom\u00e1h\u00e1m, tak jsem se tam stavit musel. Den na to jsem nav\u0161t\u00edvil <a href=\"https:\/\/goout.net\/cs\/atelier-of-dreams\/szqcolx\/\" target=\"_blank\" rel=\"noreferrer noopener\">Atelier of Dreams<\/a> &#8211; Porsche Macan launch event od <a href=\"https:\/\/cc.cz\" target=\"_blank\" rel=\"noreferrer noopener\">Czechcrunche<\/a>.<\/p>\n\n\n\n<p>Pak u\u017e m\u011b \u010dekala pauza a posledn\u00ed p\u0159\u00edpravy nejv\u00fd\u017eivn\u011bj\u0161\u00edho networkingu <a href=\"https:\/\/www.meetdeal.cz\/vol3\" target=\"_blank\" rel=\"noreferrer noopener\">Meet&amp;Deal vol3<\/a>, kter\u00fd se kon\u00e1 31. \u0159\u00edjna v <a href=\"https:\/\/www.kaiserstejnskypalac.cz\" target=\"_blank\" rel=\"noreferrer noopener\">Kaiser\u0161tejnsk\u00e9m pal\u00e1ci<\/a>. P\u0159edt\u00edm jsme si s <a href=\"https:\/\/www.instagram.com\/tereza_hudakova\/\" target=\"_blank\" rel=\"noreferrer noopener\">Terkou<\/a> st\u0159ihli je\u0161t\u011b 3 dny v Alb\u00e1nii, tak se brzy t\u011b\u0161te na cestopis.&nbsp;<\/p>\n\n\n\n<p>A kde se uvid\u00edme p\u0159\u00ed\u0161t\u011b? Mrkni na <a href=\"https:\/\/ecommerceakce.cz\" target=\"_blank\" rel=\"noreferrer noopener\">E-COMMERCE AKCE<\/a>, kde s pr\u00e9miov\u00fdm p\u0159\u00edstupem najde\u0161 v\u0161echny eventy, kter\u00e9 se konaj\u00ed.<\/p>\n\n\n\n<figure class=\"wp-block-gallery has-nested-images columns-default is-cropped wp-block-gallery-3 is-layout-flex\">\n<figure class=\"wp-block-image size-large\"><img decoding=\"async\" data-id=\"3462\"  src=\"https:\/\/andrekohout.cz\/pisu-si\/wp-content\/uploads\/2024\/10\/JAN5521-683x1024.jpg\" alt=\"\" class=\"wp-image-3462\"\/><\/figure>\n\n\n\n<figure class=\"wp-block-image size-large\"><img decoding=\"async\" data-id=\"3466\"  src=\"https:\/\/andrekohout.cz\/pisu-si\/wp-content\/uploads\/2024\/10\/macan_day1_CzechCrunch_-139-683x1024.jpg\" alt=\"\" class=\"wp-image-3466\"\/><\/figure>\n\n\n\n<figure class=\"wp-block-image size-large\"><img decoding=\"async\" data-id=\"3452\"  src=\"https:\/\/andrekohout.cz\/pisu-si\/wp-content\/uploads\/2024\/10\/IMG_1069-2-768x1024.jpg\" alt=\"\" class=\"wp-image-3452\"\/><\/figure>\n<\/figure>\n","protected":false},"excerpt":{"rendered":"<p>Sez\u00f3na akc\u00ed je skoro za n\u00e1mi a u\u017e se n\u00e1m za\u010d\u00ednaj\u00ed pl\u00e1novat v\u00e1no\u010dn\u00ed ve\u010d\u00edrky a s spolu s nimi tak trochu jin\u00fd networking. Jak\u00e9 akce st\u00e1ly v posledn\u00edch 2 m\u011bs\u00edc\u00edch za to? Na to se poj\u010fte se mnou te\u010f pod\u00edvat v r\u00e1mci dev\u00e1t\u00e9ho d\u00edlu Tour de e-commerce konference.&nbsp; Tip pro lep\u0161\u00ed networking Pokud chce\u0161 posunout [&hellip;]<\/p>\n","protected":false},"author":3,"featured_media":4625,"comment_status":"closed","ping_status":"closed","sticky":false,"template":"","format":"standard","meta":{"inline_featured_image":false},"categories":[59,5],"tags":[52,87,46,132,50,8,57,101,108],"acf":[],"yoast_head":"<!-- This site is optimized with the Yoast SEO plugin v20.5 - https:\/\/yoast.com\/wordpress\/plugins\/seo\/ -->\n<title>Tour de e-commerce vol9: Symbolick\u00fdch 9 akc\u00ed za 2 m\u011bs\u00edce | Andr\u00e9 Kohout si p\u00ed\u0161e<\/title>\n<meta name=\"description\" content=\"Sez\u00f3na akc\u00ed je skoro za n\u00e1mi a u\u017e n\u00e1m pomalu za\u010d\u00ednaj\u00ed pl\u00e1ny na v\u00e1no\u010dn\u00ed ve\u010d\u00edrky. Jak\u00e9 akce st\u00e1ly v posledn\u00edch 2 m\u011bs\u00edc\u00edch za to? Poj\u010fme na to mrknout.\" \/>\n<meta name=\"robots\" content=\"index, follow, max-snippet:-1, max-image-preview:large, max-video-preview:-1\" \/>\n<link rel=\"canonical\" href=\"https:\/\/andrekohout.cz\/pisu-si\/2024\/10\/23\/tour-de-e-commerce-vol9-symbolickych-9-akci-za-2-mesice\/\" \/>\n<meta property=\"og:locale\" content=\"cs_CZ\" \/>\n<meta property=\"og:type\" content=\"article\" \/>\n<meta property=\"og:title\" content=\"Tour de e-commerce vol9: Symbolick\u00fdch 9 akc\u00ed za 2 m\u011bs\u00edce | Andr\u00e9 Kohout si p\u00ed\u0161e\" \/>\n<meta property=\"og:description\" content=\"Sez\u00f3na akc\u00ed je skoro za n\u00e1mi a u\u017e n\u00e1m pomalu za\u010d\u00ednaj\u00ed pl\u00e1ny na v\u00e1no\u010dn\u00ed ve\u010d\u00edrky. Jak\u00e9 akce st\u00e1ly v posledn\u00edch 2 m\u011bs\u00edc\u00edch za to? Poj\u010fme na to mrknout.\" \/>\n<meta property=\"og:url\" content=\"https:\/\/andrekohout.cz\/pisu-si\/2024\/10\/23\/tour-de-e-commerce-vol9-symbolickych-9-akci-za-2-mesice\/\" \/>\n<meta property=\"og:site_name\" content=\"Andr\u00e9 Kohout si p\u00ed\u0161e\" \/>\n<meta property=\"article:published_time\" content=\"2024-10-23T11:41:10+00:00\" \/>\n<meta property=\"article:modified_time\" content=\"2025-10-11T08:46:33+00:00\" \/>\n<meta property=\"og:image\" content=\"https:\/\/andrekohout.cz\/pisu-si\/wp-content\/uploads\/2024\/10\/Tour-de-e-commerce-vol9.jpg\" \/>\n\t<meta property=\"og:image:width\" content=\"1877\" \/>\n\t<meta property=\"og:image:height\" content=\"1251\" \/>\n\t<meta property=\"og:image:type\" content=\"image\/jpeg\" \/>\n<meta name=\"author\" content=\"Andr\u00e9\" \/>\n<meta name=\"twitter:card\" content=\"summary_large_image\" \/>\n<meta name=\"twitter:label1\" content=\"Napsal(a)\" \/>\n\t<meta name=\"twitter:data1\" content=\"Andr\u00e9\" \/>\n\t<meta name=\"twitter:label2\" content=\"Odhadovan\u00e1 doba \u010dten\u00ed\" \/>\n\t<meta name=\"twitter:data2\" content=\"6 minut\" \/>\n<script type=\"application\/ld+json\" class=\"yoast-schema-graph\">{\"@context\":\"https:\/\/schema.org\",\"@graph\":[{\"@type\":\"Article\",\"@id\":\"https:\/\/andrekohout.cz\/pisu-si\/2024\/10\/23\/tour-de-e-commerce-vol9-symbolickych-9-akci-za-2-mesice\/#article\",\"isPartOf\":{\"@id\":\"https:\/\/andrekohout.cz\/pisu-si\/2024\/10\/23\/tour-de-e-commerce-vol9-symbolickych-9-akci-za-2-mesice\/\"},\"author\":{\"name\":\"Andr\u00e9\",\"@id\":\"https:\/\/andrekohout.cz\/pisu-si\/#\/schema\/person\/ddbe06cd77abe86d3f88b1d8375e8dfe\"},\"headline\":\"Tour de e-commerce vol9: Symbolick\u00fdch 9 akc\u00ed za 2 m\u011bs\u00edce\",\"datePublished\":\"2024-10-23T11:41:10+00:00\",\"dateModified\":\"2025-10-11T08:46:33+00:00\",\"mainEntityOfPage\":{\"@id\":\"https:\/\/andrekohout.cz\/pisu-si\/2024\/10\/23\/tour-de-e-commerce-vol9-symbolickych-9-akci-za-2-mesice\/\"},\"wordCount\":1011,\"publisher\":{\"@id\":\"https:\/\/andrekohout.cz\/pisu-si\/#\/schema\/person\/ddbe06cd77abe86d3f88b1d8375e8dfe\"},\"keywords\":[\"akce\",\"andrekohout\",\"ecommerce\",\"ecommerceakce\",\"event\",\"marketing\",\"networking\",\"storytelling\",\"tips\"],\"articleSection\":[\"Networking\",\"Story telling\"],\"inLanguage\":\"cs\"},{\"@type\":\"WebPage\",\"@id\":\"https:\/\/andrekohout.cz\/pisu-si\/2024\/10\/23\/tour-de-e-commerce-vol9-symbolickych-9-akci-za-2-mesice\/\",\"url\":\"https:\/\/andrekohout.cz\/pisu-si\/2024\/10\/23\/tour-de-e-commerce-vol9-symbolickych-9-akci-za-2-mesice\/\",\"name\":\"Tour de e-commerce vol9: Symbolick\u00fdch 9 akc\u00ed za 2 m\u011bs\u00edce | Andr\u00e9 Kohout si p\u00ed\u0161e\",\"isPartOf\":{\"@id\":\"https:\/\/andrekohout.cz\/pisu-si\/#website\"},\"datePublished\":\"2024-10-23T11:41:10+00:00\",\"dateModified\":\"2025-10-11T08:46:33+00:00\",\"description\":\"Sez\u00f3na akc\u00ed je skoro za n\u00e1mi a u\u017e n\u00e1m pomalu za\u010d\u00ednaj\u00ed pl\u00e1ny na v\u00e1no\u010dn\u00ed ve\u010d\u00edrky. Jak\u00e9 akce st\u00e1ly v posledn\u00edch 2 m\u011bs\u00edc\u00edch za to? Poj\u010fme na to mrknout.\",\"breadcrumb\":{\"@id\":\"https:\/\/andrekohout.cz\/pisu-si\/2024\/10\/23\/tour-de-e-commerce-vol9-symbolickych-9-akci-za-2-mesice\/#breadcrumb\"},\"inLanguage\":\"cs\",\"potentialAction\":[{\"@type\":\"ReadAction\",\"target\":[\"https:\/\/andrekohout.cz\/pisu-si\/2024\/10\/23\/tour-de-e-commerce-vol9-symbolickych-9-akci-za-2-mesice\/\"]}]},{\"@type\":\"BreadcrumbList\",\"@id\":\"https:\/\/andrekohout.cz\/pisu-si\/2024\/10\/23\/tour-de-e-commerce-vol9-symbolickych-9-akci-za-2-mesice\/#breadcrumb\",\"itemListElement\":[{\"@type\":\"ListItem\",\"position\":1,\"name\":\"Home\",\"item\":\"https:\/\/andrekohout.cz\/pisu-si\/\"},{\"@type\":\"ListItem\",\"position\":2,\"name\":\"Tour de e-commerce vol9: Symbolick\u00fdch 9 akc\u00ed za 2 m\u011bs\u00edce\"}]},{\"@type\":\"WebSite\",\"@id\":\"https:\/\/andrekohout.cz\/pisu-si\/#website\",\"url\":\"https:\/\/andrekohout.cz\/pisu-si\/\",\"name\":\"Andr\u00e9 Kohout\",\"description\":\"po\u010dtete si? \",\"publisher\":{\"@id\":\"https:\/\/andrekohout.cz\/pisu-si\/#\/schema\/person\/ddbe06cd77abe86d3f88b1d8375e8dfe\"},\"potentialAction\":[{\"@type\":\"SearchAction\",\"target\":{\"@type\":\"EntryPoint\",\"urlTemplate\":\"https:\/\/andrekohout.cz\/pisu-si\/?s={search_term_string}\"},\"query-input\":\"required name=search_term_string\"}],\"inLanguage\":\"cs\"},{\"@type\":[\"Person\",\"Organization\"],\"@id\":\"https:\/\/andrekohout.cz\/pisu-si\/#\/schema\/person\/ddbe06cd77abe86d3f88b1d8375e8dfe\",\"name\":\"Andr\u00e9\",\"image\":{\"@type\":\"ImageObject\",\"inLanguage\":\"cs\",\"@id\":\"https:\/\/andrekohout.cz\/pisu-si\/#\/schema\/person\/image\/\",\"url\":\"https:\/\/andrekohout.cz\/pisu-si\/wp-content\/uploads\/2023\/01\/B4FE29FA-E557-475B-A79D-CDFA1F25F74D-34772-000015656C9FC33B.png\",\"contentUrl\":\"https:\/\/andrekohout.cz\/pisu-si\/wp-content\/uploads\/2023\/01\/B4FE29FA-E557-475B-A79D-CDFA1F25F74D-34772-000015656C9FC33B.png\",\"width\":592,\"height\":888,\"caption\":\"Andr\u00e9\"},\"logo\":{\"@id\":\"https:\/\/andrekohout.cz\/pisu-si\/#\/schema\/person\/image\/\"},\"url\":\"https:\/\/andrekohout.cz\/pisu-si\/author\/andre\/\"}]}<\/script>\n<!-- \/ Yoast SEO plugin. -->","yoast_head_json":{"title":"Tour de e-commerce vol9: Symbolick\u00fdch 9 akc\u00ed za 2 m\u011bs\u00edce | Andr\u00e9 Kohout si p\u00ed\u0161e","description":"Sez\u00f3na akc\u00ed je skoro za n\u00e1mi a u\u017e n\u00e1m pomalu za\u010d\u00ednaj\u00ed pl\u00e1ny na v\u00e1no\u010dn\u00ed ve\u010d\u00edrky. Jak\u00e9 akce st\u00e1ly v posledn\u00edch 2 m\u011bs\u00edc\u00edch za to? Poj\u010fme na to mrknout.","robots":{"index":"index","follow":"follow","max-snippet":"max-snippet:-1","max-image-preview":"max-image-preview:large","max-video-preview":"max-video-preview:-1"},"canonical":"https:\/\/andrekohout.cz\/pisu-si\/2024\/10\/23\/tour-de-e-commerce-vol9-symbolickych-9-akci-za-2-mesice\/","og_locale":"cs_CZ","og_type":"article","og_title":"Tour de e-commerce vol9: Symbolick\u00fdch 9 akc\u00ed za 2 m\u011bs\u00edce | Andr\u00e9 Kohout si p\u00ed\u0161e","og_description":"Sez\u00f3na akc\u00ed je skoro za n\u00e1mi a u\u017e n\u00e1m pomalu za\u010d\u00ednaj\u00ed pl\u00e1ny na v\u00e1no\u010dn\u00ed ve\u010d\u00edrky. Jak\u00e9 akce st\u00e1ly v posledn\u00edch 2 m\u011bs\u00edc\u00edch za to? Poj\u010fme na to mrknout.","og_url":"https:\/\/andrekohout.cz\/pisu-si\/2024\/10\/23\/tour-de-e-commerce-vol9-symbolickych-9-akci-za-2-mesice\/","og_site_name":"Andr\u00e9 Kohout si p\u00ed\u0161e","article_published_time":"2024-10-23T11:41:10+00:00","article_modified_time":"2025-10-11T08:46:33+00:00","og_image":[{"width":1877,"height":1251,"url":"https:\/\/andrekohout.cz\/pisu-si\/wp-content\/uploads\/2024\/10\/Tour-de-e-commerce-vol9.jpg","type":"image\/jpeg"}],"author":"Andr\u00e9","twitter_card":"summary_large_image","twitter_misc":{"Napsal(a)":"Andr\u00e9","Odhadovan\u00e1 doba \u010dten\u00ed":"6 minut"},"schema":{"@context":"https:\/\/schema.org","@graph":[{"@type":"Article","@id":"https:\/\/andrekohout.cz\/pisu-si\/2024\/10\/23\/tour-de-e-commerce-vol9-symbolickych-9-akci-za-2-mesice\/#article","isPartOf":{"@id":"https:\/\/andrekohout.cz\/pisu-si\/2024\/10\/23\/tour-de-e-commerce-vol9-symbolickych-9-akci-za-2-mesice\/"},"author":{"name":"Andr\u00e9","@id":"https:\/\/andrekohout.cz\/pisu-si\/#\/schema\/person\/ddbe06cd77abe86d3f88b1d8375e8dfe"},"headline":"Tour de e-commerce vol9: Symbolick\u00fdch 9 akc\u00ed za 2 m\u011bs\u00edce","datePublished":"2024-10-23T11:41:10+00:00","dateModified":"2025-10-11T08:46:33+00:00","mainEntityOfPage":{"@id":"https:\/\/andrekohout.cz\/pisu-si\/2024\/10\/23\/tour-de-e-commerce-vol9-symbolickych-9-akci-za-2-mesice\/"},"wordCount":1011,"publisher":{"@id":"https:\/\/andrekohout.cz\/pisu-si\/#\/schema\/person\/ddbe06cd77abe86d3f88b1d8375e8dfe"},"keywords":["akce","andrekohout","ecommerce","ecommerceakce","event","marketing","networking","storytelling","tips"],"articleSection":["Networking","Story telling"],"inLanguage":"cs"},{"@type":"WebPage","@id":"https:\/\/andrekohout.cz\/pisu-si\/2024\/10\/23\/tour-de-e-commerce-vol9-symbolickych-9-akci-za-2-mesice\/","url":"https:\/\/andrekohout.cz\/pisu-si\/2024\/10\/23\/tour-de-e-commerce-vol9-symbolickych-9-akci-za-2-mesice\/","name":"Tour de e-commerce vol9: Symbolick\u00fdch 9 akc\u00ed za 2 m\u011bs\u00edce | Andr\u00e9 Kohout si p\u00ed\u0161e","isPartOf":{"@id":"https:\/\/andrekohout.cz\/pisu-si\/#website"},"datePublished":"2024-10-23T11:41:10+00:00","dateModified":"2025-10-11T08:46:33+00:00","description":"Sez\u00f3na akc\u00ed je skoro za n\u00e1mi a u\u017e n\u00e1m pomalu za\u010d\u00ednaj\u00ed pl\u00e1ny na v\u00e1no\u010dn\u00ed ve\u010d\u00edrky. Jak\u00e9 akce st\u00e1ly v posledn\u00edch 2 m\u011bs\u00edc\u00edch za to? Poj\u010fme na to mrknout.","breadcrumb":{"@id":"https:\/\/andrekohout.cz\/pisu-si\/2024\/10\/23\/tour-de-e-commerce-vol9-symbolickych-9-akci-za-2-mesice\/#breadcrumb"},"inLanguage":"cs","potentialAction":[{"@type":"ReadAction","target":["https:\/\/andrekohout.cz\/pisu-si\/2024\/10\/23\/tour-de-e-commerce-vol9-symbolickych-9-akci-za-2-mesice\/"]}]},{"@type":"BreadcrumbList","@id":"https:\/\/andrekohout.cz\/pisu-si\/2024\/10\/23\/tour-de-e-commerce-vol9-symbolickych-9-akci-za-2-mesice\/#breadcrumb","itemListElement":[{"@type":"ListItem","position":1,"name":"Home","item":"https:\/\/andrekohout.cz\/pisu-si\/"},{"@type":"ListItem","position":2,"name":"Tour de e-commerce vol9: Symbolick\u00fdch 9 akc\u00ed za 2 m\u011bs\u00edce"}]},{"@type":"WebSite","@id":"https:\/\/andrekohout.cz\/pisu-si\/#website","url":"https:\/\/andrekohout.cz\/pisu-si\/","name":"Andr\u00e9 Kohout","description":"po\u010dtete si? ","publisher":{"@id":"https:\/\/andrekohout.cz\/pisu-si\/#\/schema\/person\/ddbe06cd77abe86d3f88b1d8375e8dfe"},"potentialAction":[{"@type":"SearchAction","target":{"@type":"EntryPoint","urlTemplate":"https:\/\/andrekohout.cz\/pisu-si\/?s={search_term_string}"},"query-input":"required name=search_term_string"}],"inLanguage":"cs"},{"@type":["Person","Organization"],"@id":"https:\/\/andrekohout.cz\/pisu-si\/#\/schema\/person\/ddbe06cd77abe86d3f88b1d8375e8dfe","name":"Andr\u00e9","image":{"@type":"ImageObject","inLanguage":"cs","@id":"https:\/\/andrekohout.cz\/pisu-si\/#\/schema\/person\/image\/","url":"https:\/\/andrekohout.cz\/pisu-si\/wp-content\/uploads\/2023\/01\/B4FE29FA-E557-475B-A79D-CDFA1F25F74D-34772-000015656C9FC33B.png","contentUrl":"https:\/\/andrekohout.cz\/pisu-si\/wp-content\/uploads\/2023\/01\/B4FE29FA-E557-475B-A79D-CDFA1F25F74D-34772-000015656C9FC33B.png","width":592,"height":888,"caption":"Andr\u00e9"},"logo":{"@id":"https:\/\/andrekohout.cz\/pisu-si\/#\/schema\/person\/image\/"},"url":"https:\/\/andrekohout.cz\/pisu-si\/author\/andre\/"}]}},"_links":{"self":[{"href":"https:\/\/andrekohout.cz\/pisu-si\/wp-json\/wp\/v2\/posts\/3446"}],"collection":[{"href":"https:\/\/andrekohout.cz\/pisu-si\/wp-json\/wp\/v2\/posts"}],"about":[{"href":"https:\/\/andrekohout.cz\/pisu-si\/wp-json\/wp\/v2\/types\/post"}],"author":[{"embeddable":true,"href":"https:\/\/andrekohout.cz\/pisu-si\/wp-json\/wp\/v2\/users\/3"}],"replies":[{"embeddable":true,"href":"https:\/\/andrekohout.cz\/pisu-si\/wp-json\/wp\/v2\/comments?post=3446"}],"version-history":[{"count":1,"href":"https:\/\/andrekohout.cz\/pisu-si\/wp-json\/wp\/v2\/posts\/3446\/revisions"}],"predecessor-version":[{"id":4626,"href":"https:\/\/andrekohout.cz\/pisu-si\/wp-json\/wp\/v2\/posts\/3446\/revisions\/4626"}],"wp:featuredmedia":[{"embeddable":true,"href":"https:\/\/andrekohout.cz\/pisu-si\/wp-json\/wp\/v2\/media\/4625"}],"wp:attachment":[{"href":"https:\/\/andrekohout.cz\/pisu-si\/wp-json\/wp\/v2\/media?parent=3446"}],"wp:term":[{"taxonomy":"category","embeddable":true,"href":"https:\/\/andrekohout.cz\/pisu-si\/wp-json\/wp\/v2\/categories?post=3446"},{"taxonomy":"post_tag","embeddable":true,"href":"https:\/\/andrekohout.cz\/pisu-si\/wp-json\/wp\/v2\/tags?post=3446"}],"curies":[{"name":"wp","href":"https:\/\/api.w.org\/{rel}","templated":true}]}}